
{"id":115518,"date":"2024-03-01T09:18:49","date_gmt":"2024-03-01T12:18:49","guid":{"rendered":"https:\/\/www.sudoestehoje.com.br\/novoportal\/?p=115518"},"modified":"2024-03-01T09:18:49","modified_gmt":"2024-03-01T12:18:49","slug":"firmino-alves-prefeito-fabiano-sampaio-tem-contas-aprovadas-pelo-tcm","status":"publish","type":"post","link":"https:\/\/www.sudoestehoje.com.br\/novoportal\/2024\/03\/01\/firmino-alves-prefeito-fabiano-sampaio-tem-contas-aprovadas-pelo-tcm\/","title":{"rendered":"FIRMINO ALVES: PREFEITO FABIANO SAMPAIO TEM CONTAS APROVADAS PELO TCM"},"content":{"rendered":"<p><img loading=\"lazy\" decoding=\"async\" class=\"alignnone  wp-image-115519\" src=\"https:\/\/www.sudoestehoje.com.br\/novoportal\/wp-content\/uploads\/2024\/03\/aa8068be-92fc-45eb-bb66-5cbc7c59d326-1-600x600.jpg\" alt=\"\" width=\"550\" height=\"550\" srcset=\"https:\/\/www.sudoestehoje.com.br\/novoportal\/wp-content\/uploads\/2024\/03\/aa8068be-92fc-45eb-bb66-5cbc7c59d326-1-600x600.jpg 600w, https:\/\/www.sudoestehoje.com.br\/novoportal\/wp-content\/uploads\/2024\/03\/aa8068be-92fc-45eb-bb66-5cbc7c59d326-1-700x700.jpg 700w, https:\/\/www.sudoestehoje.com.br\/novoportal\/wp-content\/uploads\/2024\/03\/aa8068be-92fc-45eb-bb66-5cbc7c59d326-1-150x150.jpg 150w, https:\/\/www.sudoestehoje.com.br\/novoportal\/wp-content\/uploads\/2024\/03\/aa8068be-92fc-45eb-bb66-5cbc7c59d326-1-768x768.jpg 768w, https:\/\/www.sudoestehoje.com.br\/novoportal\/wp-content\/uploads\/2024\/03\/aa8068be-92fc-45eb-bb66-5cbc7c59d326-1.jpg 1080w\" sizes=\"auto, (max-width: 550px) 100vw, 550px\" \/><\/p>\n<p><strong>Nesta quinta-feira, o Tribunal de Contas do Munic\u00edpio realizou a an\u00e1lise e vota\u00e7\u00e3o das contas do Prefeito de Firmino Alves, Fabiano Sampaio, aprovando suas contas referentes ao exerc\u00edcio de 2022.<\/strong><\/p>\n<p><strong>A aprova\u00e7\u00e3o decorre de uma an\u00e1lise que considera que o Prefeito realizou os seus trabalhos com zelo pelo dinheiro p\u00fablico e equil\u00edbrio fiscal e\u00a0 representa o cumprimento dos preceitos da Lei de Responsabilidade Fiscal e o respeito aos limites constitucionais.<\/strong><\/p>\n<p><strong>A decis\u00e3o do TCM foi comemorada por Fabiano e seu grupo pol\u00edtico, como mais uma vit\u00f3ria da sua eficiente gest\u00e3o.\u00a0\/\/SH<\/strong><\/p>\n","protected":false},"excerpt":{"rendered":"<p>Nesta quinta-feira, o Tribunal de Contas do Munic\u00edpio realizou a an\u00e1lise e vota\u00e7\u00e3o das contas do Prefeito de Firmino Alves, Fabiano Sampaio, aprovando suas contas referentes ao exerc\u00edcio de 2022. A aprova\u00e7\u00e3o decorre de uma an\u00e1lise que considera que o Prefeito realizou os seus trabalhos com zelo pelo dinheiro p\u00fablico e equil\u00edbrio fiscal e\u00a0 representa [&hellip;]<\/p>\n","protected":false},"author":2,"featured_media":115519,"comment_status":"closed","ping_status":"open","sticky":false,"template":"","format":"standard","meta":{"footnotes":"","_links_to":"","_links_to_target":""},"categories":[1],"tags":[],"class_list":["post-115518","post","type-post","status-publish","format-standard","has-post-thumbnail","hentry","category-geral"],"views":630,"_links":{"self":[{"href":"https:\/\/www.sudoestehoje.com.br\/novoportal\/wp-json\/wp\/v2\/posts\/115518","targetHints":{"allow":["GET"]}}],"collection":[{"href":"https:\/\/www.sudoestehoje.com.br\/novoportal\/wp-json\/wp\/v2\/posts"}],"about":[{"href":"https:\/\/www.sudoestehoje.com.br\/novoportal\/wp-json\/wp\/v2\/types\/post"}],"author":[{"embeddable":true,"href":"https:\/\/www.sudoestehoje.com.br\/novoportal\/wp-json\/wp\/v2\/users\/2"}],"replies":[{"embeddable":true,"href":"https:\/\/www.sudoestehoje.com.br\/novoportal\/wp-json\/wp\/v2\/comments?post=115518"}],"version-history":[{"count":1,"href":"https:\/\/www.sudoestehoje.com.br\/novoportal\/wp-json\/wp\/v2\/posts\/115518\/revisions"}],"predecessor-version":[{"id":115520,"href":"https:\/\/www.sudoestehoje.com.br\/novoportal\/wp-json\/wp\/v2\/posts\/115518\/revisions\/115520"}],"wp:featuredmedia":[{"embeddable":true,"href":"https:\/\/www.sudoestehoje.com.br\/novoportal\/wp-json\/wp\/v2\/media\/115519"}],"wp:attachment":[{"href":"https:\/\/www.sudoestehoje.com.br\/novoportal\/wp-json\/wp\/v2\/media?parent=115518"}],"wp:term":[{"taxonomy":"category","embeddable":true,"href":"https:\/\/www.sudoestehoje.com.br\/novoportal\/wp-json\/wp\/v2\/categories?post=115518"},{"taxonomy":"post_tag","embeddable":true,"href":"https:\/\/www.sudoestehoje.com.br\/novoportal\/wp-json\/wp\/v2\/tags?post=115518"}],"curies":[{"name":"wp","href":"https:\/\/api.w.org\/{rel}","templated":true}]}}