
{"id":11551,"date":"2011-12-27T22:18:03","date_gmt":"2011-12-28T01:18:03","guid":{"rendered":"http:\/\/www.sudoestehoje.com.br\/novoportal\/?p=11551"},"modified":"2011-12-27T22:18:03","modified_gmt":"2011-12-28T01:18:03","slug":"olha-e-receita-federal-ai-prefeito","status":"publish","type":"post","link":"https:\/\/www.sudoestehoje.com.br\/novoportal\/2011\/12\/27\/olha-e-receita-federal-ai-prefeito\/","title":{"rendered":"OLHA E RECEITA FEDERAL A\u00cd, PREFEITO!"},"content":{"rendered":"<p style=\"text-align: center;\"><img decoding=\"async\" class=\"aligncenter\" src=\"http:\/\/acomacpp.com.br\/uploads\/noticias\/6c3f2cd002c9a499556008294305d194.jpg\" alt=\"\" width=\"400\" \/><\/p>\n<p style=\"text-align: center;\"><em><strong>Receita Federal come\u00e7a a agir no caso Vidal<\/strong><\/em><\/p>\n<p>ITAPETINGA: A vergonhosa contrata\u00e7\u00e3o da empresa Bernardo Vidal, pela prefeitura de Itapetinga, parece que come\u00e7a a gerar seus efeitos devastadores sobre a administra\u00e7\u00e3o do prefeito Z\u00e9 Carlos. Com base nas graves den\u00fancias dos partidos de oposi\u00e7\u00e3o, que deram origem \u00e0 CPI, h\u00e1 informa\u00e7\u00f5es extra-oficiais de que a Receita Federal teria lavrado dois autos de infra\u00e7\u00e3o contra o munic\u00edpio de Itapetinga, em valores que podem chegar \u00e0 9 milh\u00f5es de reais, pela reten\u00e7\u00e3o de contribui\u00e7\u00f5es do INSS, descontadas diretamente nos sal\u00e1rios dos empregados, al\u00e9m das contribui\u00e7\u00f5es patronais que n\u00e3o teriam sido recolhidas, h\u00e1 meses, sob a &#8216;orienta\u00e7\u00e3o&#8217; da Bernardo Vidal.<\/p>\n<p>As informa\u00e7\u00f5es sobre a autua\u00e7\u00e3o \u00a0poder\u00e3o ser confirmadas, ou n\u00e3o, nesta quarta-feira, em entrevista coletiva que ser\u00e1 concedida \u00e0 imprensa pelos membros da CPI, na C\u00e2mara de Vereadores, com a presen\u00e7a de representante da Receita Federal.<\/p>\n<p>As den\u00fancias sobre a poss\u00edvel sonega\u00e7\u00e3o de contribui\u00e7\u00f5es previdenci\u00e1rias s\u00e3o muito s\u00e9rias e podem comprometer todo o projeto de reelei\u00e7\u00e3o do prefeito Z\u00e9 Carlos, pois ningu\u00e9m lesa o fisco impunemente. Pelo desenrolar dos fatos, o &#8216;caldo vai engrossar&#8217; ainda mais, quando as outras den\u00fancias come\u00e7arem a ser apuradas pela CGU, TCM, TCU e Minist\u00e9rio P\u00fablico Federal. O prefeito Z\u00e9 Carlos sabe disto e talvez seja este o real motivo do seu \u00a0&#8216;desgosto&#8217;.<\/p>\n<p><em><strong>Por DAVI FERRAZ<\/strong><\/em><\/p>\n","protected":false},"excerpt":{"rendered":"<p>Receita Federal come\u00e7a a agir no caso Vidal ITAPETINGA: A vergonhosa contrata\u00e7\u00e3o da empresa Bernardo Vidal, pela prefeitura de Itapetinga, parece que come\u00e7a a gerar seus efeitos devastadores sobre a administra\u00e7\u00e3o do prefeito Z\u00e9 Carlos. Com base nas graves den\u00fancias dos partidos de oposi\u00e7\u00e3o, que deram origem \u00e0 CPI, h\u00e1 informa\u00e7\u00f5es extra-oficiais de que a [&hellip;]<\/p>\n","protected":false},"author":2,"featured_media":0,"comment_status":"open","ping_status":"open","sticky":false,"template":"","format":"standard","meta":{"footnotes":"","_links_to":"","_links_to_target":""},"categories":[1],"tags":[],"class_list":["post-11551","post","type-post","status-publish","format-standard","hentry","category-geral"],"views":1138,"_links":{"self":[{"href":"https:\/\/www.sudoestehoje.com.br\/novoportal\/wp-json\/wp\/v2\/posts\/11551","targetHints":{"allow":["GET"]}}],"collection":[{"href":"https:\/\/www.sudoestehoje.com.br\/novoportal\/wp-json\/wp\/v2\/posts"}],"about":[{"href":"https:\/\/www.sudoestehoje.com.br\/novoportal\/wp-json\/wp\/v2\/types\/post"}],"author":[{"embeddable":true,"href":"https:\/\/www.sudoestehoje.com.br\/novoportal\/wp-json\/wp\/v2\/users\/2"}],"replies":[{"embeddable":true,"href":"https:\/\/www.sudoestehoje.com.br\/novoportal\/wp-json\/wp\/v2\/comments?post=11551"}],"version-history":[{"count":4,"href":"https:\/\/www.sudoestehoje.com.br\/novoportal\/wp-json\/wp\/v2\/posts\/11551\/revisions"}],"predecessor-version":[{"id":11555,"href":"https:\/\/www.sudoestehoje.com.br\/novoportal\/wp-json\/wp\/v2\/posts\/11551\/revisions\/11555"}],"wp:attachment":[{"href":"https:\/\/www.sudoestehoje.com.br\/novoportal\/wp-json\/wp\/v2\/media?parent=11551"}],"wp:term":[{"taxonomy":"category","embeddable":true,"href":"https:\/\/www.sudoestehoje.com.br\/novoportal\/wp-json\/wp\/v2\/categories?post=11551"},{"taxonomy":"post_tag","embeddable":true,"href":"https:\/\/www.sudoestehoje.com.br\/novoportal\/wp-json\/wp\/v2\/tags?post=11551"}],"curies":[{"name":"wp","href":"https:\/\/api.w.org\/{rel}","templated":true}]}}