
{"id":115494,"date":"2024-02-29T08:47:58","date_gmt":"2024-02-29T11:47:58","guid":{"rendered":"https:\/\/www.sudoestehoje.com.br\/novoportal\/?p=115494"},"modified":"2024-02-29T08:47:58","modified_gmt":"2024-02-29T11:47:58","slug":"encontro-regional-de-gestores-da-saude-coloca-itapetinga-como-referencia-no-setor","status":"publish","type":"post","link":"https:\/\/www.sudoestehoje.com.br\/novoportal\/2024\/02\/29\/encontro-regional-de-gestores-da-saude-coloca-itapetinga-como-referencia-no-setor\/","title":{"rendered":"ENCONTRO REGIONAL DE GESTORES DA SA\u00daDE COLOCA ITAPETINGA COMO REFER\u00caNCIA NO SETOR"},"content":{"rendered":"<p><img loading=\"lazy\" decoding=\"async\" class=\"alignnone  wp-image-115495\" src=\"https:\/\/www.sudoestehoje.com.br\/novoportal\/wp-content\/uploads\/2024\/02\/WhatsApp-Image-2024-02-28-at-16.11.17-1280x960-1-600x450.jpeg\" alt=\"\" width=\"552\" height=\"414\" srcset=\"https:\/\/www.sudoestehoje.com.br\/novoportal\/wp-content\/uploads\/2024\/02\/WhatsApp-Image-2024-02-28-at-16.11.17-1280x960-1-600x450.jpeg 600w, https:\/\/www.sudoestehoje.com.br\/novoportal\/wp-content\/uploads\/2024\/02\/WhatsApp-Image-2024-02-28-at-16.11.17-1280x960-1-700x525.jpeg 700w, https:\/\/www.sudoestehoje.com.br\/novoportal\/wp-content\/uploads\/2024\/02\/WhatsApp-Image-2024-02-28-at-16.11.17-1280x960-1-768x576.jpeg 768w, https:\/\/www.sudoestehoje.com.br\/novoportal\/wp-content\/uploads\/2024\/02\/WhatsApp-Image-2024-02-28-at-16.11.17-1280x960-1.jpeg 1280w\" sizes=\"auto, (max-width: 552px) 100vw, 552px\" \/><\/p>\n<p><strong>Na manh\u00e3 desta quarta-feira, 28, a secretaria de sa\u00fade de Itapetinga reuniu os representantes do setor de toda a regi\u00e3o para debaterem o fluxo do Hospital Municipal Virginia Hagge, que ser\u00e1 inaugurado no pr\u00f3ximo m\u00eas.<\/strong><\/p>\n<p><strong>12 cidades enviaram seu corpo t\u00e9cnico de sa\u00fade para participarem de um momento importante de avan\u00e7o no cuidado e atendimento do Sus, desde a aten\u00e7\u00e3o b\u00e1sica at\u00e9 \u00e0 especializada. <em><span style=\"color: #0000ff;\">Confira mat\u00e9ria completa:<\/span><\/em><\/strong><\/p>\n<p>https:\/\/itapetinga.ba.gov.br\/itapetinga-sedia-encontro-regional-de-saude-e-torna-se-referencia-no-setor\/<\/p>\n","protected":false},"excerpt":{"rendered":"<p>Na manh\u00e3 desta quarta-feira, 28, a secretaria de sa\u00fade de Itapetinga reuniu os representantes do setor de toda a regi\u00e3o para debaterem o fluxo do Hospital Municipal Virginia Hagge, que ser\u00e1 inaugurado no pr\u00f3ximo m\u00eas. 12 cidades enviaram seu corpo t\u00e9cnico de sa\u00fade para participarem de um momento importante de avan\u00e7o no cuidado e atendimento [&hellip;]<\/p>\n","protected":false},"author":2,"featured_media":115495,"comment_status":"closed","ping_status":"open","sticky":false,"template":"","format":"standard","meta":{"footnotes":"","_links_to":"","_links_to_target":""},"categories":[1],"tags":[],"class_list":["post-115494","post","type-post","status-publish","format-standard","has-post-thumbnail","hentry","category-geral"],"views":528,"_links":{"self":[{"href":"https:\/\/www.sudoestehoje.com.br\/novoportal\/wp-json\/wp\/v2\/posts\/115494","targetHints":{"allow":["GET"]}}],"collection":[{"href":"https:\/\/www.sudoestehoje.com.br\/novoportal\/wp-json\/wp\/v2\/posts"}],"about":[{"href":"https:\/\/www.sudoestehoje.com.br\/novoportal\/wp-json\/wp\/v2\/types\/post"}],"author":[{"embeddable":true,"href":"https:\/\/www.sudoestehoje.com.br\/novoportal\/wp-json\/wp\/v2\/users\/2"}],"replies":[{"embeddable":true,"href":"https:\/\/www.sudoestehoje.com.br\/novoportal\/wp-json\/wp\/v2\/comments?post=115494"}],"version-history":[{"count":4,"href":"https:\/\/www.sudoestehoje.com.br\/novoportal\/wp-json\/wp\/v2\/posts\/115494\/revisions"}],"predecessor-version":[{"id":115499,"href":"https:\/\/www.sudoestehoje.com.br\/novoportal\/wp-json\/wp\/v2\/posts\/115494\/revisions\/115499"}],"wp:featuredmedia":[{"embeddable":true,"href":"https:\/\/www.sudoestehoje.com.br\/novoportal\/wp-json\/wp\/v2\/media\/115495"}],"wp:attachment":[{"href":"https:\/\/www.sudoestehoje.com.br\/novoportal\/wp-json\/wp\/v2\/media?parent=115494"}],"wp:term":[{"taxonomy":"category","embeddable":true,"href":"https:\/\/www.sudoestehoje.com.br\/novoportal\/wp-json\/wp\/v2\/categories?post=115494"},{"taxonomy":"post_tag","embeddable":true,"href":"https:\/\/www.sudoestehoje.com.br\/novoportal\/wp-json\/wp\/v2\/tags?post=115494"}],"curies":[{"name":"wp","href":"https:\/\/api.w.org\/{rel}","templated":true}]}}