
{"id":115469,"date":"2024-02-28T11:13:38","date_gmt":"2024-02-28T14:13:38","guid":{"rendered":"https:\/\/www.sudoestehoje.com.br\/novoportal\/?p=115469"},"modified":"2024-02-28T11:13:38","modified_gmt":"2024-02-28T14:13:38","slug":"otto-alencar-nega-filiacao-de-cida-moura-no-psd-espero-que-ela-va-pro-pt","status":"publish","type":"post","link":"https:\/\/www.sudoestehoje.com.br\/novoportal\/2024\/02\/28\/otto-alencar-nega-filiacao-de-cida-moura-no-psd-espero-que-ela-va-pro-pt\/","title":{"rendered":"OTTO ALENCAR NEGA FILIA\u00c7\u00c3O DE CIDA MOURA NO PSD; &#8220;ESPERO QUE ELA V\u00c1 PRO PT&#8221;"},"content":{"rendered":"<p><img loading=\"lazy\" decoding=\"async\" class=\"alignnone size-full wp-image-115471 alignleft\" src=\"https:\/\/www.sudoestehoje.com.br\/novoportal\/wp-content\/uploads\/2024\/02\/84225992-fd88-44a2-b4e5-fa57e858ed9a.jpg\" alt=\"\" width=\"273\" height=\"238\" \/><\/p>\n<p><strong>Numa tentativa frustrada, a pr\u00e9-candidata a prefeita de Itapetinga, Cida Moura (PP), teve a sua filia\u00e7\u00e3o no PSD solenemente descartada pelo Senador Otto Alencar, presidente estadual da legenda, em reuni\u00e3o na capital do estado, na \u00faltima segunda-feira (26).<\/strong><\/p>\n<p><strong>De acordo com publica\u00e7\u00e3o no site BNews (<a href=\"https:\/\/www.bnews.com.br\/amp\/noticias\/politica\/otto-alencar-nega-ter-convidado-cida-moura-para-o-psd-saiba-mais.html,\">confira aqui)<\/a>\u00a0Otto teria recomendado que a postulante se filiasse ao PT, antiga legenda do seu marido Z\u00e9 Carlos, ex-prefeito da cidade.<\/strong><\/p>\n<p><strong>A recusa do senador evidenciou o seu compromisso com o ex-vereador e pr\u00e9-candidato a prefeito Alfredo Cabral, presidente municipal do PSD, que n\u00e3o tem demonstrado qualquer interesse em abrir m\u00e3o da sigla, apesar das investidas de outras lideran\u00e7as ligadas ao governo do estado.<\/strong><\/p>\n<p><strong>Mesmo a contragosto, o caminho mais prov\u00e1vel de Cida Moura \u00e9 o PT de Rosemberg, como &#8216;sugeriu&#8217; Otto.<\/strong><\/p>\n<p><strong>Por Davi Ferraz<\/strong><\/p>\n","protected":false},"excerpt":{"rendered":"<p>Numa tentativa frustrada, a pr\u00e9-candidata a prefeita de Itapetinga, Cida Moura (PP), teve a sua filia\u00e7\u00e3o no PSD solenemente descartada pelo Senador Otto Alencar, presidente estadual da legenda, em reuni\u00e3o na capital do estado, na \u00faltima segunda-feira (26). De acordo com publica\u00e7\u00e3o no site BNews (confira aqui)\u00a0Otto teria recomendado que a postulante se filiasse ao [&hellip;]<\/p>\n","protected":false},"author":2,"featured_media":115471,"comment_status":"closed","ping_status":"open","sticky":false,"template":"","format":"standard","meta":{"footnotes":"","_links_to":"","_links_to_target":""},"categories":[1],"tags":[],"class_list":["post-115469","post","type-post","status-publish","format-standard","has-post-thumbnail","hentry","category-geral"],"views":1100,"_links":{"self":[{"href":"https:\/\/www.sudoestehoje.com.br\/novoportal\/wp-json\/wp\/v2\/posts\/115469","targetHints":{"allow":["GET"]}}],"collection":[{"href":"https:\/\/www.sudoestehoje.com.br\/novoportal\/wp-json\/wp\/v2\/posts"}],"about":[{"href":"https:\/\/www.sudoestehoje.com.br\/novoportal\/wp-json\/wp\/v2\/types\/post"}],"author":[{"embeddable":true,"href":"https:\/\/www.sudoestehoje.com.br\/novoportal\/wp-json\/wp\/v2\/users\/2"}],"replies":[{"embeddable":true,"href":"https:\/\/www.sudoestehoje.com.br\/novoportal\/wp-json\/wp\/v2\/comments?post=115469"}],"version-history":[{"count":2,"href":"https:\/\/www.sudoestehoje.com.br\/novoportal\/wp-json\/wp\/v2\/posts\/115469\/revisions"}],"predecessor-version":[{"id":115472,"href":"https:\/\/www.sudoestehoje.com.br\/novoportal\/wp-json\/wp\/v2\/posts\/115469\/revisions\/115472"}],"wp:featuredmedia":[{"embeddable":true,"href":"https:\/\/www.sudoestehoje.com.br\/novoportal\/wp-json\/wp\/v2\/media\/115471"}],"wp:attachment":[{"href":"https:\/\/www.sudoestehoje.com.br\/novoportal\/wp-json\/wp\/v2\/media?parent=115469"}],"wp:term":[{"taxonomy":"category","embeddable":true,"href":"https:\/\/www.sudoestehoje.com.br\/novoportal\/wp-json\/wp\/v2\/categories?post=115469"},{"taxonomy":"post_tag","embeddable":true,"href":"https:\/\/www.sudoestehoje.com.br\/novoportal\/wp-json\/wp\/v2\/tags?post=115469"}],"curies":[{"name":"wp","href":"https:\/\/api.w.org\/{rel}","templated":true}]}}