
{"id":115463,"date":"2024-02-28T09:58:15","date_gmt":"2024-02-28T12:58:15","guid":{"rendered":"https:\/\/www.sudoestehoje.com.br\/novoportal\/?p=115463"},"modified":"2024-02-28T09:58:15","modified_gmt":"2024-02-28T12:58:15","slug":"conquista-policia-identifica-motorista-que-atropelou-2-homens-de-proposito-em-posto-de-combustivel","status":"publish","type":"post","link":"https:\/\/www.sudoestehoje.com.br\/novoportal\/2024\/02\/28\/conquista-policia-identifica-motorista-que-atropelou-2-homens-de-proposito-em-posto-de-combustivel\/","title":{"rendered":"CONQUISTA | POL\u00cdCIA IDENTIFICA MOTORISTA QUE ATROPELOU 2 HOMENS DE PROP\u00d3SITO EM POSTO DE COMBUST\u00cdVEL"},"content":{"rendered":"<p><img loading=\"lazy\" decoding=\"async\" class=\"alignnone  wp-image-115466\" src=\"https:\/\/www.sudoestehoje.com.br\/novoportal\/wp-content\/uploads\/2024\/02\/acidente-e1708974885217.jpeg\" alt=\"\" width=\"504\" height=\"265\" \/><\/p>\n<p><strong>A Pol\u00edcia Civil de Vit\u00f3ria da Conquista anunciou nesta ter\u00e7a-feira (27) que\u00a0identificou o condutor do ve\u00edculo que atropelou duas pessoas em um posto de combust\u00edveis da zona oeste da cidade, no \u00faltimo s\u00e1bado (24).<\/strong><\/p>\n<p><strong>O condutor,\u00a0identificado como Cristiano Dias, ser\u00e1 indiciado por dupla tentativa de homic\u00eddio.\u00a0Ele\u00a0manobrou o ve\u00edculo e tentou atingir uma das v\u00edtimas que j\u00e1 estava ca\u00edda no ch\u00e3o, conforme mostram v\u00eddeos feitos por testemunhas.<\/strong><\/p>\n<p><strong>Cristiano fugiu do local logo em seguida e ainda n\u00e3o foi encontrado pelas autoridades.\u00a0O caso est\u00e1 sendo investigado pela Pol\u00edcia Civil de Vit\u00f3ria da Conquista.<\/strong><\/p>\n<p><strong>O incidente ocorreu ap\u00f3s uma briga de tr\u00e2nsito, quando as v\u00edtimas estavam retornando para o seu ve\u00edculo e o outro condutor deliberadamente dirigiu seu carro contra elas.\u00a0<\/strong><\/p>\n<p><strong>As v\u00edtimas foram socorridas para o Hospital de Base, sendo que uma delas est\u00e1 em estado grave devido ao politraumatismo sofrido.<\/strong><\/p>\n","protected":false},"excerpt":{"rendered":"<p>A Pol\u00edcia Civil de Vit\u00f3ria da Conquista anunciou nesta ter\u00e7a-feira (27) que\u00a0identificou o condutor do ve\u00edculo que atropelou duas pessoas em um posto de combust\u00edveis da zona oeste da cidade, no \u00faltimo s\u00e1bado (24). O condutor,\u00a0identificado como Cristiano Dias, ser\u00e1 indiciado por dupla tentativa de homic\u00eddio.\u00a0Ele\u00a0manobrou o ve\u00edculo e tentou atingir uma das v\u00edtimas que [&hellip;]<\/p>\n","protected":false},"author":2,"featured_media":115466,"comment_status":"closed","ping_status":"open","sticky":false,"template":"","format":"standard","meta":{"footnotes":"","_links_to":"","_links_to_target":""},"categories":[1],"tags":[],"class_list":["post-115463","post","type-post","status-publish","format-standard","has-post-thumbnail","hentry","category-geral"],"views":911,"_links":{"self":[{"href":"https:\/\/www.sudoestehoje.com.br\/novoportal\/wp-json\/wp\/v2\/posts\/115463","targetHints":{"allow":["GET"]}}],"collection":[{"href":"https:\/\/www.sudoestehoje.com.br\/novoportal\/wp-json\/wp\/v2\/posts"}],"about":[{"href":"https:\/\/www.sudoestehoje.com.br\/novoportal\/wp-json\/wp\/v2\/types\/post"}],"author":[{"embeddable":true,"href":"https:\/\/www.sudoestehoje.com.br\/novoportal\/wp-json\/wp\/v2\/users\/2"}],"replies":[{"embeddable":true,"href":"https:\/\/www.sudoestehoje.com.br\/novoportal\/wp-json\/wp\/v2\/comments?post=115463"}],"version-history":[{"count":3,"href":"https:\/\/www.sudoestehoje.com.br\/novoportal\/wp-json\/wp\/v2\/posts\/115463\/revisions"}],"predecessor-version":[{"id":115468,"href":"https:\/\/www.sudoestehoje.com.br\/novoportal\/wp-json\/wp\/v2\/posts\/115463\/revisions\/115468"}],"wp:featuredmedia":[{"embeddable":true,"href":"https:\/\/www.sudoestehoje.com.br\/novoportal\/wp-json\/wp\/v2\/media\/115466"}],"wp:attachment":[{"href":"https:\/\/www.sudoestehoje.com.br\/novoportal\/wp-json\/wp\/v2\/media?parent=115463"}],"wp:term":[{"taxonomy":"category","embeddable":true,"href":"https:\/\/www.sudoestehoje.com.br\/novoportal\/wp-json\/wp\/v2\/categories?post=115463"},{"taxonomy":"post_tag","embeddable":true,"href":"https:\/\/www.sudoestehoje.com.br\/novoportal\/wp-json\/wp\/v2\/tags?post=115463"}],"curies":[{"name":"wp","href":"https:\/\/api.w.org\/{rel}","templated":true}]}}