
{"id":115453,"date":"2024-02-27T12:01:56","date_gmt":"2024-02-27T15:01:56","guid":{"rendered":"https:\/\/www.sudoestehoje.com.br\/novoportal\/?p=115453"},"modified":"2024-02-27T12:01:56","modified_gmt":"2024-02-27T15:01:56","slug":"itapetinga-tcm-aprova-contas-de-rodrigo-hagge-referente-ao-exercicio-2022","status":"publish","type":"post","link":"https:\/\/www.sudoestehoje.com.br\/novoportal\/2024\/02\/27\/itapetinga-tcm-aprova-contas-de-rodrigo-hagge-referente-ao-exercicio-2022\/","title":{"rendered":"ITAPETINGA | TCM APROVA CONTAS DE RODRIGO HAGGE REFERENTE AO EXERC\u00cdCIO 2022"},"content":{"rendered":"<p><img loading=\"lazy\" decoding=\"async\" class=\"alignnone  wp-image-115456\" src=\"https:\/\/www.sudoestehoje.com.br\/novoportal\/wp-content\/uploads\/2024\/02\/maxresdefault-600x397.jpg\" alt=\"\" width=\"549\" height=\"363\" srcset=\"https:\/\/www.sudoestehoje.com.br\/novoportal\/wp-content\/uploads\/2024\/02\/maxresdefault-600x397.jpg 600w, https:\/\/www.sudoestehoje.com.br\/novoportal\/wp-content\/uploads\/2024\/02\/maxresdefault-700x463.jpg 700w, https:\/\/www.sudoestehoje.com.br\/novoportal\/wp-content\/uploads\/2024\/02\/maxresdefault-768x508.jpg 768w, https:\/\/www.sudoestehoje.com.br\/novoportal\/wp-content\/uploads\/2024\/02\/maxresdefault.jpg 978w\" sizes=\"auto, (max-width: 549px) 100vw, 549px\" \/><\/p>\n<p><strong>Em sess\u00e3o plen\u00e1ria desta ter\u00e7a-feira (27), o Tribunal de Contas dos Munic\u00edpios &#8211; TCM, aprovou as contas do prefeito Rodrigo Hagge, relativas ao exerc\u00edcio de 2022.\u00a0<\/strong><\/p>\n<p><strong>Presente \u00e0 sess\u00e3o do julgamento, com sua assessoria cont\u00e1bil e jur\u00eddica, o prefeito Rodrigo manifestou o seu contentamento em ter as suas contas aprovadas, com parecer favor\u00e1vel do relatos, que foi seguido pelos demais conselheiros do TCM.<\/strong><\/p>\n<p><strong>AGUARDEM MAIS INFORMA\u00c7\u00d5ES.<\/strong><\/p>\n<p><strong>Por Davi Ferraz<\/strong><\/p>\n","protected":false},"excerpt":{"rendered":"<p>Em sess\u00e3o plen\u00e1ria desta ter\u00e7a-feira (27), o Tribunal de Contas dos Munic\u00edpios &#8211; TCM, aprovou as contas do prefeito Rodrigo Hagge, relativas ao exerc\u00edcio de 2022.\u00a0 Presente \u00e0 sess\u00e3o do julgamento, com sua assessoria cont\u00e1bil e jur\u00eddica, o prefeito Rodrigo manifestou o seu contentamento em ter as suas contas aprovadas, com parecer favor\u00e1vel do relatos, [&hellip;]<\/p>\n","protected":false},"author":2,"featured_media":115456,"comment_status":"closed","ping_status":"open","sticky":false,"template":"","format":"standard","meta":{"footnotes":"","_links_to":"","_links_to_target":""},"categories":[1],"tags":[],"class_list":["post-115453","post","type-post","status-publish","format-standard","has-post-thumbnail","hentry","category-geral"],"views":1217,"_links":{"self":[{"href":"https:\/\/www.sudoestehoje.com.br\/novoportal\/wp-json\/wp\/v2\/posts\/115453","targetHints":{"allow":["GET"]}}],"collection":[{"href":"https:\/\/www.sudoestehoje.com.br\/novoportal\/wp-json\/wp\/v2\/posts"}],"about":[{"href":"https:\/\/www.sudoestehoje.com.br\/novoportal\/wp-json\/wp\/v2\/types\/post"}],"author":[{"embeddable":true,"href":"https:\/\/www.sudoestehoje.com.br\/novoportal\/wp-json\/wp\/v2\/users\/2"}],"replies":[{"embeddable":true,"href":"https:\/\/www.sudoestehoje.com.br\/novoportal\/wp-json\/wp\/v2\/comments?post=115453"}],"version-history":[{"count":3,"href":"https:\/\/www.sudoestehoje.com.br\/novoportal\/wp-json\/wp\/v2\/posts\/115453\/revisions"}],"predecessor-version":[{"id":115457,"href":"https:\/\/www.sudoestehoje.com.br\/novoportal\/wp-json\/wp\/v2\/posts\/115453\/revisions\/115457"}],"wp:featuredmedia":[{"embeddable":true,"href":"https:\/\/www.sudoestehoje.com.br\/novoportal\/wp-json\/wp\/v2\/media\/115456"}],"wp:attachment":[{"href":"https:\/\/www.sudoestehoje.com.br\/novoportal\/wp-json\/wp\/v2\/media?parent=115453"}],"wp:term":[{"taxonomy":"category","embeddable":true,"href":"https:\/\/www.sudoestehoje.com.br\/novoportal\/wp-json\/wp\/v2\/categories?post=115453"},{"taxonomy":"post_tag","embeddable":true,"href":"https:\/\/www.sudoestehoje.com.br\/novoportal\/wp-json\/wp\/v2\/tags?post=115453"}],"curies":[{"name":"wp","href":"https:\/\/api.w.org\/{rel}","templated":true}]}}