
{"id":115433,"date":"2024-02-26T20:56:16","date_gmt":"2024-02-26T23:56:16","guid":{"rendered":"https:\/\/www.sudoestehoje.com.br\/novoportal\/?p=115433"},"modified":"2024-02-26T21:01:05","modified_gmt":"2024-02-27T00:01:05","slug":"itapetinga-entre-as-64-cidades-baianas-em-epidemia-de-dengue-diz-sesab","status":"publish","type":"post","link":"https:\/\/www.sudoestehoje.com.br\/novoportal\/2024\/02\/26\/itapetinga-entre-as-64-cidades-baianas-em-epidemia-de-dengue-diz-sesab\/","title":{"rendered":"ITAPETINGA ENTRE AS 64 CIDADES BAIANAS EM EPIDEMIA DE DENGUE, SEGUNDO SESAB"},"content":{"rendered":"<p><img loading=\"lazy\" decoding=\"async\" class=\"wp-image-115437 alignleft\" src=\"https:\/\/www.sudoestehoje.com.br\/novoportal\/wp-content\/uploads\/2024\/02\/WhatsApp-Image-2020-01-20-at-15.07.41.jpeg\" alt=\"\" width=\"200\" height=\"222\" \/><\/p>\n<p><strong>Chegou a 64 o n\u00famero de cidades em epidemia de dengue na Bahia, segundo balan\u00e7o divulgado pela Secretaria de Sa\u00fade do estado (Sesab) nesta segunda-feira (26).<\/strong><\/p>\n<p><strong>Com 16.771 casos prov\u00e1veis da doen\u00e7a registrados at\u00e9 o domingo (25), o balan\u00e7o mostra ainda aumento 99,5% em rela\u00e7\u00e3o ao mesmo per\u00edodo do ano passado, quando o estado teve 8.408 casos prov\u00e1veis.<\/strong><\/p>\n<p><strong>De acordo com a Sesab, a eleva\u00e7\u00e3o foi puxada principalmente por munic\u00edpios como Vit\u00f3ria da Conquista e Feira de Santana, ambos em situa\u00e7\u00e3o epid\u00eamica. Itapetinga est\u00e1 entre as cidades declaradas em epidemia pela SESAB.<\/strong><\/p>\n<p><strong>Veja a lista das cidades em epidemia de dengue na Bahia:<\/strong><\/p>\n<p><strong>Adustina<\/strong><\/p>\n<p><strong>Am\u00e9rica Dourada<\/strong><\/p>\n<p><strong>Anag\u00e9<\/strong><\/p>\n<p><strong>Araci<\/strong><\/p>\n<p><strong>Barra do Cho\u00e7a<\/strong><\/p>\n<p><strong>Barra do Mendes<\/strong><\/p>\n<p><strong>Barro Alto<\/strong><\/p>\n<p><strong>Belo Campo<\/strong><\/p>\n<p><strong>Bom Jesus da Lapa<\/strong><\/p>\n<p><strong>Bonito<\/strong><\/p>\n<p><strong>Brej\u00f5es<\/strong><\/p>\n<p><strong>Brumado<\/strong><\/p>\n<p><strong>Caetit\u00e9<\/strong><\/p>\n<p><strong>Cafarnaum<\/strong><\/p>\n<p><strong>Campo Formoso<\/strong><\/p>\n<p><strong>Canarana<\/strong><\/p>\n<p><strong>Carinhanha<\/strong><\/p>\n<p><strong>Concei\u00e7\u00e3o do Almeida<\/strong><\/p>\n<p><strong>Conde\u00faba<\/strong><\/p>\n<p><strong>Coribe<\/strong><\/p>\n<p><strong>Encruzilhada<\/strong><\/p>\n<p><strong>Feira de Santana<\/strong><\/p>\n<p><strong>Formosa do Rio Preto<\/strong><\/p>\n<p><strong>Ibiassuc\u00ea<\/strong><\/p>\n<p><strong>Ibicara\u00ed<\/strong><\/p>\n<p><strong>Ibicoara<\/strong><\/p>\n<p><strong>Ibipitanga<\/strong><\/p>\n<p><strong>Ibitiara<\/strong><\/p>\n<p><strong>Igapor\u00e3<\/strong><\/p>\n<p><strong>Iramaia<\/strong><\/p>\n<p><strong>Iraquara<\/strong><\/p>\n<p><strong>Irec\u00ea<\/strong><\/p>\n<p><strong>Itamb\u00e9<\/strong><\/p>\n<p><strong><span style=\"color: #0000ff;\">Itapetinga<\/span><\/strong><\/p>\n<p><strong>Jacaraci<\/strong><\/p>\n<p><strong>Lajed\u00e3o<\/strong><\/p>\n<p><strong>Lic\u00ednio de Almeida<\/strong><\/p>\n<p><strong>Maca\u00fabas<\/strong><\/p>\n<p><strong>Maetinga<\/strong><\/p>\n<p><strong>Manoel Vitorino<\/strong><\/p>\n<p><strong>Marac\u00e1s<\/strong><\/p>\n<p><strong>Matina<\/strong><\/p>\n<p><strong>Miguel Calmon<\/strong><\/p>\n<p><strong>Morro do Chap\u00e9u<\/strong><\/p>\n<p><strong>Mortugaba<\/strong><\/p>\n<p><strong>Mucug\u00ea<\/strong><\/p>\n<p><strong>Mulungu do Morro<\/strong><\/p>\n<p><strong>Novo Horizonte<\/strong><\/p>\n<p><strong>Palmas de Monte Alto<\/strong><\/p>\n<p><strong>Piat\u00e3<\/strong><\/p>\n<p><strong>Pinda\u00ed<\/strong><\/p>\n<p><strong>Pirip\u00e1<\/strong><\/p>\n<p><strong>Piritiba<\/strong><\/p>\n<p><strong>Planalto<\/strong><\/p>\n<p><strong>Quixabeira<\/strong><\/p>\n<p><strong>Rodelas<\/strong><\/p>\n<p><strong>Santa Maria da Vit\u00f3ria<\/strong><\/p>\n<p><strong>Santa Rita de C\u00e1ssia<\/strong><\/p>\n<p><strong>Serrinha<\/strong><\/p>\n<p><strong>Serrol\u00e2ndia<\/strong><\/p>\n<p><strong>Tanque Novo<\/strong><\/p>\n<p><strong>Tapiramut\u00e1<\/strong><\/p>\n<p><strong>Uru\u00e7uca<\/strong><\/p>\n<p><strong>Vit\u00f3ria da Conquista<\/strong><\/p>\n","protected":false},"excerpt":{"rendered":"<p>Chegou a 64 o n\u00famero de cidades em epidemia de dengue na Bahia, segundo balan\u00e7o divulgado pela Secretaria de Sa\u00fade do estado (Sesab) nesta segunda-feira (26). Com 16.771 casos prov\u00e1veis da doen\u00e7a registrados at\u00e9 o domingo (25), o balan\u00e7o mostra ainda aumento 99,5% em rela\u00e7\u00e3o ao mesmo per\u00edodo do ano passado, quando o estado teve [&hellip;]<\/p>\n","protected":false},"author":2,"featured_media":115437,"comment_status":"closed","ping_status":"open","sticky":false,"template":"","format":"standard","meta":{"footnotes":"","_links_to":"","_links_to_target":""},"categories":[1],"tags":[],"class_list":["post-115433","post","type-post","status-publish","format-standard","has-post-thumbnail","hentry","category-geral"],"views":1135,"_links":{"self":[{"href":"https:\/\/www.sudoestehoje.com.br\/novoportal\/wp-json\/wp\/v2\/posts\/115433","targetHints":{"allow":["GET"]}}],"collection":[{"href":"https:\/\/www.sudoestehoje.com.br\/novoportal\/wp-json\/wp\/v2\/posts"}],"about":[{"href":"https:\/\/www.sudoestehoje.com.br\/novoportal\/wp-json\/wp\/v2\/types\/post"}],"author":[{"embeddable":true,"href":"https:\/\/www.sudoestehoje.com.br\/novoportal\/wp-json\/wp\/v2\/users\/2"}],"replies":[{"embeddable":true,"href":"https:\/\/www.sudoestehoje.com.br\/novoportal\/wp-json\/wp\/v2\/comments?post=115433"}],"version-history":[{"count":6,"href":"https:\/\/www.sudoestehoje.com.br\/novoportal\/wp-json\/wp\/v2\/posts\/115433\/revisions"}],"predecessor-version":[{"id":115440,"href":"https:\/\/www.sudoestehoje.com.br\/novoportal\/wp-json\/wp\/v2\/posts\/115433\/revisions\/115440"}],"wp:featuredmedia":[{"embeddable":true,"href":"https:\/\/www.sudoestehoje.com.br\/novoportal\/wp-json\/wp\/v2\/media\/115437"}],"wp:attachment":[{"href":"https:\/\/www.sudoestehoje.com.br\/novoportal\/wp-json\/wp\/v2\/media?parent=115433"}],"wp:term":[{"taxonomy":"category","embeddable":true,"href":"https:\/\/www.sudoestehoje.com.br\/novoportal\/wp-json\/wp\/v2\/categories?post=115433"},{"taxonomy":"post_tag","embeddable":true,"href":"https:\/\/www.sudoestehoje.com.br\/novoportal\/wp-json\/wp\/v2\/tags?post=115433"}],"curies":[{"name":"wp","href":"https:\/\/api.w.org\/{rel}","templated":true}]}}