
{"id":115426,"date":"2024-02-26T19:58:45","date_gmt":"2024-02-26T22:58:45","guid":{"rendered":"https:\/\/www.sudoestehoje.com.br\/novoportal\/?p=115426"},"modified":"2024-02-26T19:58:45","modified_gmt":"2024-02-26T22:58:45","slug":"faustao-e-internado-novamente-em-sao-paulo-e-pode-passar-por-novo-transplante","status":"publish","type":"post","link":"https:\/\/www.sudoestehoje.com.br\/novoportal\/2024\/02\/26\/faustao-e-internado-novamente-em-sao-paulo-e-pode-passar-por-novo-transplante\/","title":{"rendered":"FAUST\u00c3O \u00c9 INTERNADO NOVAMENTE EM S\u00c3O PAULO E PODE PASSAR POR NOVO TRANSPLANTE"},"content":{"rendered":"<p><img loading=\"lazy\" decoding=\"async\" class=\"alignnone  wp-image-115429\" src=\"https:\/\/www.sudoestehoje.com.br\/novoportal\/wp-content\/uploads\/2024\/02\/IMAGEM_NOTICIA_9-1-1-600x315.webp\" alt=\"\" width=\"549\" height=\"288\" srcset=\"https:\/\/www.sudoestehoje.com.br\/novoportal\/wp-content\/uploads\/2024\/02\/IMAGEM_NOTICIA_9-1-1-600x315.webp 600w, https:\/\/www.sudoestehoje.com.br\/novoportal\/wp-content\/uploads\/2024\/02\/IMAGEM_NOTICIA_9-1-1-700x368.webp 700w, https:\/\/www.sudoestehoje.com.br\/novoportal\/wp-content\/uploads\/2024\/02\/IMAGEM_NOTICIA_9-1-1-768x403.webp 768w, https:\/\/www.sudoestehoje.com.br\/novoportal\/wp-content\/uploads\/2024\/02\/IMAGEM_NOTICIA_9-1-1.webp 1200w\" sizes=\"auto, (max-width: 549px) 100vw, 549px\" \/><\/p>\n<p style=\"font-weight: 400;\"><strong>Um novo problema de sa\u00fade est\u00e1 atingindo o apresentador Faust\u00e3o e poder\u00e1 lev\u00e1-lo a passar por um novo transplante s\u00f3 que, desta vez, de rim.<\/strong><\/p>\n<p style=\"font-weight: 400;\"><strong> Desde o final de 2023, Faust\u00e3o tem passado pelo processo de di\u00e1lise, uma vez que suas fun\u00e7\u00f5es renais est\u00e3o comprometidas devido a insufici\u00eancia card\u00edaca, motivo de seu transplante de cora\u00e7\u00e3o.\u00a0\u00a0<\/strong><\/p>\n<p style=\"font-weight: 400;\"><strong>De acordo com a r\u00e1dio Alpha FM, Faust\u00e3o est\u00e1 no Hospital Israelita Albert Einstein, em S\u00e3o Paulo. A informa\u00e7\u00e3o tamb\u00e9m foi confirmada pelo portal LeoDias.\u00a0<\/strong><\/p>\n","protected":false},"excerpt":{"rendered":"<p>Um novo problema de sa\u00fade est\u00e1 atingindo o apresentador Faust\u00e3o e poder\u00e1 lev\u00e1-lo a passar por um novo transplante s\u00f3 que, desta vez, de rim. Desde o final de 2023, Faust\u00e3o tem passado pelo processo de di\u00e1lise, uma vez que suas fun\u00e7\u00f5es renais est\u00e3o comprometidas devido a insufici\u00eancia card\u00edaca, motivo de seu transplante de cora\u00e7\u00e3o.\u00a0\u00a0 [&hellip;]<\/p>\n","protected":false},"author":2,"featured_media":115429,"comment_status":"closed","ping_status":"open","sticky":false,"template":"","format":"standard","meta":{"footnotes":"","_links_to":"","_links_to_target":""},"categories":[1],"tags":[],"class_list":["post-115426","post","type-post","status-publish","format-standard","has-post-thumbnail","hentry","category-geral"],"views":593,"_links":{"self":[{"href":"https:\/\/www.sudoestehoje.com.br\/novoportal\/wp-json\/wp\/v2\/posts\/115426","targetHints":{"allow":["GET"]}}],"collection":[{"href":"https:\/\/www.sudoestehoje.com.br\/novoportal\/wp-json\/wp\/v2\/posts"}],"about":[{"href":"https:\/\/www.sudoestehoje.com.br\/novoportal\/wp-json\/wp\/v2\/types\/post"}],"author":[{"embeddable":true,"href":"https:\/\/www.sudoestehoje.com.br\/novoportal\/wp-json\/wp\/v2\/users\/2"}],"replies":[{"embeddable":true,"href":"https:\/\/www.sudoestehoje.com.br\/novoportal\/wp-json\/wp\/v2\/comments?post=115426"}],"version-history":[{"count":2,"href":"https:\/\/www.sudoestehoje.com.br\/novoportal\/wp-json\/wp\/v2\/posts\/115426\/revisions"}],"predecessor-version":[{"id":115430,"href":"https:\/\/www.sudoestehoje.com.br\/novoportal\/wp-json\/wp\/v2\/posts\/115426\/revisions\/115430"}],"wp:featuredmedia":[{"embeddable":true,"href":"https:\/\/www.sudoestehoje.com.br\/novoportal\/wp-json\/wp\/v2\/media\/115429"}],"wp:attachment":[{"href":"https:\/\/www.sudoestehoje.com.br\/novoportal\/wp-json\/wp\/v2\/media?parent=115426"}],"wp:term":[{"taxonomy":"category","embeddable":true,"href":"https:\/\/www.sudoestehoje.com.br\/novoportal\/wp-json\/wp\/v2\/categories?post=115426"},{"taxonomy":"post_tag","embeddable":true,"href":"https:\/\/www.sudoestehoje.com.br\/novoportal\/wp-json\/wp\/v2\/tags?post=115426"}],"curies":[{"name":"wp","href":"https:\/\/api.w.org\/{rel}","templated":true}]}}