
{"id":115420,"date":"2024-02-27T08:00:55","date_gmt":"2024-02-27T11:00:55","guid":{"rendered":"https:\/\/www.sudoestehoje.com.br\/novoportal\/?p=115420"},"modified":"2024-02-26T20:15:23","modified_gmt":"2024-02-26T23:15:23","slug":"as-novas-quentinhas-do-sudoeste-hoje-3","status":"publish","type":"post","link":"https:\/\/www.sudoestehoje.com.br\/novoportal\/2024\/02\/27\/as-novas-quentinhas-do-sudoeste-hoje-3\/","title":{"rendered":"AS NOVAS QUENTINHAS DO SUDOESTE HOJE"},"content":{"rendered":"<p><img loading=\"lazy\" decoding=\"async\" class=\"alignnone wp-image-114721\" src=\"https:\/\/www.sudoestehoje.com.br\/novoportal\/wp-content\/uploads\/2024\/01\/b087fbc9-7971-44c9-b854-e0a5545b1623.jpg\" alt=\"\" width=\"550\" height=\"345\" \/><\/p>\n<p><strong>PARTIDOS TIPO MAIZENA<\/strong><\/p>\n<p><strong>A semana come\u00e7ou quente, com as declara\u00e7\u00f5es bomb\u00e1sticas do deputado Rosemberg, sobre a federa\u00e7\u00e3o PT, PCdoB e PV, evidenciando que o PT tem prioridade e que os outros dois partidos da federa\u00e7\u00e3o s\u00e3o do tipo &#8216;MAIZENA&#8217; : s\u00f3 servem mesmo para engrossar o caldo. Falou grosso e deu aos renegados Tiquinho, Valdeir e Diga Diga, o seu recado nada cort\u00eas, do tipo:<em> &#8220;aqui nessa zorra quem manda sou eu&#8230;&#8221;.<\/em><\/strong><\/p>\n<p><strong>SABEDORIA DEMAIS \u00c9 POUCO<\/strong><\/p>\n<p><strong>Sem espa\u00e7o no PT e renegados por todos os grupos de oposi\u00e7\u00e3o em Itapetinga, Tiquinho, Valdeir e Diga Diga tiveram a &#8216;brilhante&#8217; ideia de se filiarem ao PV, partido que tamb\u00e9m faz parte da federa\u00e7\u00e3o com o PT e PCdoB, imaginando que dariam um golpe nos petistas, mas o tiro saiu pala culatra, com Rosemberg reagindo, provavelmente a pedido da vereadora Sibele Nery, que certamente seria engolida se o esquema dos aloprados viesse a vingar. <em>Mui amigos&#8230;<\/em><\/strong><\/p>\n<p><strong>O &#8216;TEOR ET\u00cdLICO&#8217; DE ROMILDO\u00a0<\/strong><\/p>\n<p><strong>Sem citar o nome, mas se referindo ao partido Avante, Rosemberg\u00a0 se referiu indiretamente ao ex-vereador Romildo Teixeira, com desd\u00e9m, falando que<em> &#8220;respeita o seu teor et\u00edlico&#8221;<\/em>, que na linguagem coloquial significa &#8216;b\u00eabado&#8217;. Baixou a bola demais, saindo do campo pol\u00edtico e entrando no particular. Quem n\u00e3o toma uma cervejinha de vez em quando, hein deputado?<\/strong><\/p>\n<p><strong>FEIRA PERSA (COMPRA DE APOIO)<\/strong><\/p>\n<p><strong>Uma coisa que n\u00e3o ficou muito clara na entrevista do deputado, foi quando ele disse que seus aliados do PT n\u00e3o est\u00e3o \u00e0 venda, dando a entender que tem grana rolando nessas negocia\u00e7\u00f5es para troca de partido. Como a imagina\u00e7\u00e3o das pessoas \u00e9 muito f\u00e9rtil, tem gente apostando que na &#8220;feira persa&#8221; citada por Rosemberg tem gente grande envolvida. Como dizia S\u00e3o Francisco de Assis, &#8220;\u00e9 dando que se recebe&#8221;.<\/strong><\/p>\n<p><strong>DIGA DIGA CAIU EM DESGRA\u00c7A<\/strong><\/p>\n<p><strong>Pela forma que o deputado se referiu, sem citar o nome, ao ex-vereador Diga Diga, como &#8216;\u00fanica pessoa&#8217; a quem ele diz ter restri\u00e7\u00e3o, o corredor ficou estreito para o brig\u00e3o, outro sem partido que v\u00ea as portas baterem na sua cara, a todo momento. Parece que a m\u00e1goa do &#8216;coron\u00e9&#8217; t\u00e1 longe de ser esquecida, com uma certa raz\u00e3o&#8230;<\/strong><\/p>\n<p><strong>TODOS &#8216;JUNTOS E COLADOS&#8217;<\/strong><\/p>\n<p><strong>As ciumeiras e buscas de espa\u00e7o pol\u00edtico nos per\u00edodos pr\u00e9-eleitorais s\u00e3o rotineiros e, por isto, ningu\u00e9m fique pensando que os personagens v\u00e3o partir para a briga, mesmo porque os interesse acabam se convergindo, de um jeito ou de outro. No frigir dos ovos, todos eles v\u00e3o estar no mesmo palanque, juntos e colados, com os dentes no quarador e tapando o nariz, uns pros outros&#8230;<\/strong><\/p>\n<p><strong>Por Davi Ferraz<\/strong><\/p>\n","protected":false},"excerpt":{"rendered":"<p>PARTIDOS TIPO MAIZENA A semana come\u00e7ou quente, com as declara\u00e7\u00f5es bomb\u00e1sticas do deputado Rosemberg, sobre a federa\u00e7\u00e3o PT, PCdoB e PV, evidenciando que o PT tem prioridade e que os outros dois partidos da federa\u00e7\u00e3o s\u00e3o do tipo &#8216;MAIZENA&#8217; : s\u00f3 servem mesmo para engrossar o caldo. Falou grosso e deu aos renegados Tiquinho, Valdeir [&hellip;]<\/p>\n","protected":false},"author":2,"featured_media":114721,"comment_status":"closed","ping_status":"open","sticky":false,"template":"","format":"standard","meta":{"footnotes":"","_links_to":"","_links_to_target":""},"categories":[1],"tags":[],"class_list":["post-115420","post","type-post","status-publish","format-standard","has-post-thumbnail","hentry","category-geral"],"views":1070,"_links":{"self":[{"href":"https:\/\/www.sudoestehoje.com.br\/novoportal\/wp-json\/wp\/v2\/posts\/115420","targetHints":{"allow":["GET"]}}],"collection":[{"href":"https:\/\/www.sudoestehoje.com.br\/novoportal\/wp-json\/wp\/v2\/posts"}],"about":[{"href":"https:\/\/www.sudoestehoje.com.br\/novoportal\/wp-json\/wp\/v2\/types\/post"}],"author":[{"embeddable":true,"href":"https:\/\/www.sudoestehoje.com.br\/novoportal\/wp-json\/wp\/v2\/users\/2"}],"replies":[{"embeddable":true,"href":"https:\/\/www.sudoestehoje.com.br\/novoportal\/wp-json\/wp\/v2\/comments?post=115420"}],"version-history":[{"count":5,"href":"https:\/\/www.sudoestehoje.com.br\/novoportal\/wp-json\/wp\/v2\/posts\/115420\/revisions"}],"predecessor-version":[{"id":115432,"href":"https:\/\/www.sudoestehoje.com.br\/novoportal\/wp-json\/wp\/v2\/posts\/115420\/revisions\/115432"}],"wp:featuredmedia":[{"embeddable":true,"href":"https:\/\/www.sudoestehoje.com.br\/novoportal\/wp-json\/wp\/v2\/media\/114721"}],"wp:attachment":[{"href":"https:\/\/www.sudoestehoje.com.br\/novoportal\/wp-json\/wp\/v2\/media?parent=115420"}],"wp:term":[{"taxonomy":"category","embeddable":true,"href":"https:\/\/www.sudoestehoje.com.br\/novoportal\/wp-json\/wp\/v2\/categories?post=115420"},{"taxonomy":"post_tag","embeddable":true,"href":"https:\/\/www.sudoestehoje.com.br\/novoportal\/wp-json\/wp\/v2\/tags?post=115420"}],"curies":[{"name":"wp","href":"https:\/\/api.w.org\/{rel}","templated":true}]}}