
{"id":115409,"date":"2024-02-26T09:36:37","date_gmt":"2024-02-26T12:36:37","guid":{"rendered":"https:\/\/www.sudoestehoje.com.br\/novoportal\/?p=115409"},"modified":"2024-02-26T10:39:23","modified_gmt":"2024-02-26T13:39:23","slug":"eleicoes-rosemberg-veta-candidaturas-de-tiquinho-diga-diga-e-valdeir-pela-federacao-pt-pcdo-b-e-pv","status":"publish","type":"post","link":"https:\/\/www.sudoestehoje.com.br\/novoportal\/2024\/02\/26\/eleicoes-rosemberg-veta-candidaturas-de-tiquinho-diga-diga-e-valdeir-pela-federacao-pt-pcdo-b-e-pv\/","title":{"rendered":"ELEI\u00c7\u00d5ES | ROSEMBERG VETA CANDIDATURAS DE TIQUINHO, DIGA DIGA E VALDEIR PELA FEDERA\u00c7\u00c3O PT, PCdo B E PV"},"content":{"rendered":"<p><img loading=\"lazy\" decoding=\"async\" class=\"alignnone wp-image-115416\" src=\"https:\/\/www.sudoestehoje.com.br\/novoportal\/wp-content\/uploads\/2024\/02\/PhotoCollage_20230808_134307840-600x466.jpg\" alt=\"\" width=\"551\" height=\"428\" srcset=\"https:\/\/www.sudoestehoje.com.br\/novoportal\/wp-content\/uploads\/2024\/02\/PhotoCollage_20230808_134307840-600x466.jpg 600w, https:\/\/www.sudoestehoje.com.br\/novoportal\/wp-content\/uploads\/2024\/02\/PhotoCollage_20230808_134307840-700x544.jpg 700w, https:\/\/www.sudoestehoje.com.br\/novoportal\/wp-content\/uploads\/2024\/02\/PhotoCollage_20230808_134307840-768x597.jpg 768w, https:\/\/www.sudoestehoje.com.br\/novoportal\/wp-content\/uploads\/2024\/02\/PhotoCollage_20230808_134307840.jpg 1000w\" sizes=\"auto, (max-width: 551px) 100vw, 551px\" \/><\/p>\n<p><strong>Neste final de semana, os vereadores Tiquinho, Valdeir e o ex-vereador Diga Diga, anunciaram filia\u00e7\u00e3o ao Partido Verde (PV), partido que faz parte da federa\u00e7\u00e3o com PT e PCdoB. Em tese, os &#8216;espertos&#8217; pol\u00edticos poderiam disputar a elei\u00e7\u00e3o para a c\u00e2mara de vereadores, concorrendo internamente com os candidatos do PT e PCdoB, o que n\u00e3o agradou os petistas.<\/strong><\/p>\n<p><strong>Numa entrevista no programa de Amaral Jr., na manh\u00e3 desta segunda-feira (26), o deputado Rosemberg Pinto (PT) descartou qualquer possibilidade disto vir a acontecer, destacando que as &#8216;federa\u00e7\u00f5es partid\u00e1rias&#8217; possuem regras e uma dela \u00e9 um partido n\u00e3o prejudicar o outro, desarmando o previs\u00edvel esquema dos vereadores &#8216;sem partido&#8217;, Tiquinho, Valdeir e o ex Diga Diga, que foi &#8216;excomungado&#8217; pelos petistas.\u00a0<\/strong><\/p>\n<p><strong>Na sua entrevista, deputado deixou claro que n\u00e3o aceita a participa\u00e7\u00e3o dos &#8216;novos companheiros&#8217; na chapa, concorrendo com a vereadora Sibele Nery e o sindicalista Sidney, &#8216;cadeiras cativas&#8217; do grupo, com status de &#8216;priorit\u00e1rios&#8217;<\/strong><\/p>\n<p><strong>Rosemberg tamb\u00e9m revelou, nas entrelinhas da sua entrevista, que vetar\u00e1 a candidatura do ex-vereador Diga Diga na federa\u00e7\u00e3o, contra quem tem restri\u00e7\u00f5es pessoais, na federa\u00e7\u00e3o.<\/strong><\/p>\n<p><strong>DESCONHECEU JO\u00c3O DE DEUS<\/strong><\/p>\n<p><strong>O deputado petista desconheceu a movimenta\u00e7\u00e3o pol\u00edtica do vereador Jo\u00e3o de Deus e declarou que o nome do governo do estado \u00e0 prefeitura de Itapetinga \u00e9 a fazendeira Cida Moura. <\/strong><span style=\"color: #0000ff;\"><a style=\"color: #0000ff;\" href=\"https:\/\/www.sudoestehoje.com.br\/novoportal\/wp-content\/uploads\/2024\/02\/WhatsApp-Audio-2024-02-26-at-08.04.08.aac\">CONFIRA \u00c1UDIO<\/a><\/span><\/p>\n<p><strong>Por Davi Ferraz<\/strong><\/p>\n","protected":false},"excerpt":{"rendered":"<p>Neste final de semana, os vereadores Tiquinho, Valdeir e o ex-vereador Diga Diga, anunciaram filia\u00e7\u00e3o ao Partido Verde (PV), partido que faz parte da federa\u00e7\u00e3o com PT e PCdoB. Em tese, os &#8216;espertos&#8217; pol\u00edticos poderiam disputar a elei\u00e7\u00e3o para a c\u00e2mara de vereadores, concorrendo internamente com os candidatos do PT e PCdoB, o que n\u00e3o [&hellip;]<\/p>\n","protected":false},"author":2,"featured_media":115416,"comment_status":"closed","ping_status":"open","sticky":false,"template":"","format":"standard","meta":{"footnotes":"","_links_to":"","_links_to_target":""},"categories":[1],"tags":[],"class_list":["post-115409","post","type-post","status-publish","format-standard","has-post-thumbnail","hentry","category-geral"],"views":1137,"_links":{"self":[{"href":"https:\/\/www.sudoestehoje.com.br\/novoportal\/wp-json\/wp\/v2\/posts\/115409","targetHints":{"allow":["GET"]}}],"collection":[{"href":"https:\/\/www.sudoestehoje.com.br\/novoportal\/wp-json\/wp\/v2\/posts"}],"about":[{"href":"https:\/\/www.sudoestehoje.com.br\/novoportal\/wp-json\/wp\/v2\/types\/post"}],"author":[{"embeddable":true,"href":"https:\/\/www.sudoestehoje.com.br\/novoportal\/wp-json\/wp\/v2\/users\/2"}],"replies":[{"embeddable":true,"href":"https:\/\/www.sudoestehoje.com.br\/novoportal\/wp-json\/wp\/v2\/comments?post=115409"}],"version-history":[{"count":4,"href":"https:\/\/www.sudoestehoje.com.br\/novoportal\/wp-json\/wp\/v2\/posts\/115409\/revisions"}],"predecessor-version":[{"id":115418,"href":"https:\/\/www.sudoestehoje.com.br\/novoportal\/wp-json\/wp\/v2\/posts\/115409\/revisions\/115418"}],"wp:featuredmedia":[{"embeddable":true,"href":"https:\/\/www.sudoestehoje.com.br\/novoportal\/wp-json\/wp\/v2\/media\/115416"}],"wp:attachment":[{"href":"https:\/\/www.sudoestehoje.com.br\/novoportal\/wp-json\/wp\/v2\/media?parent=115409"}],"wp:term":[{"taxonomy":"category","embeddable":true,"href":"https:\/\/www.sudoestehoje.com.br\/novoportal\/wp-json\/wp\/v2\/categories?post=115409"},{"taxonomy":"post_tag","embeddable":true,"href":"https:\/\/www.sudoestehoje.com.br\/novoportal\/wp-json\/wp\/v2\/tags?post=115409"}],"curies":[{"name":"wp","href":"https:\/\/api.w.org\/{rel}","templated":true}]}}