
{"id":115406,"date":"2024-02-25T13:10:32","date_gmt":"2024-02-25T16:10:32","guid":{"rendered":"https:\/\/www.sudoestehoje.com.br\/novoportal\/?p=115406"},"modified":"2024-02-26T18:28:47","modified_gmt":"2024-02-26T21:28:47","slug":"semana-vai-ser-de-muito-sol-em-itapetinga-e-regiao","status":"publish","type":"post","link":"https:\/\/www.sudoestehoje.com.br\/novoportal\/2024\/02\/25\/semana-vai-ser-de-muito-sol-em-itapetinga-e-regiao\/","title":{"rendered":"SEMANA VAI SER DE MUITO SOL EM ITAPETINGA E REGI\u00c3O"},"content":{"rendered":"\r\n<figure class=\"wp-block-gallery has-nested-images columns-default is-cropped wp-block-gallery-1 is-layout-flex wp-block-gallery-is-layout-flex\">\r\n<figure class=\"wp-block-image\"><img loading=\"lazy\" decoding=\"async\" data-id=\"115405\" class=\"wp-image-115405\" src=\"https:\/\/www.sudoestehoje.com.br\/novoportal\/wp-content\/uploads\/2024\/02\/20240215_0959208546108801039235127-700x394.jpg\" alt=\"\" width=\"551\" height=\"310\" srcset=\"https:\/\/www.sudoestehoje.com.br\/novoportal\/wp-content\/uploads\/2024\/02\/20240215_0959208546108801039235127-700x394.jpg 700w, https:\/\/www.sudoestehoje.com.br\/novoportal\/wp-content\/uploads\/2024\/02\/20240215_0959208546108801039235127-600x338.jpg 600w, https:\/\/www.sudoestehoje.com.br\/novoportal\/wp-content\/uploads\/2024\/02\/20240215_0959208546108801039235127-768x433.jpg 768w, https:\/\/www.sudoestehoje.com.br\/novoportal\/wp-content\/uploads\/2024\/02\/20240215_0959208546108801039235127-1536x865.jpg 1536w, https:\/\/www.sudoestehoje.com.br\/novoportal\/wp-content\/uploads\/2024\/02\/20240215_0959208546108801039235127.jpg 1999w\" sizes=\"auto, (max-width: 551px) 100vw, 551px\" \/><\/figure>\r\n<\/figure>\r\n\r\n\r\n\r\n<p>Depois de muita chuva nas \u00faltimas semanas\u00a0 a previs\u00e3o aponta para a volta dos dias ensolarados na Capital da Pecu\u00e1ria e cidades da regi\u00e3o Sudoeste.<\/p>\r\n\r\n\r\n\r\n<p>As temperaturas devem subir no m\u00eas de mar\u00e7o, trazendo chuvas esparsas, em todo o per\u00edodo.<\/p>\r\n\r\n\r\n\r\n<p>As \u00faltimas chuvas trouxeram problemas em muitos munic\u00edpios da Bahia, mas tamb\u00e9m afastaram o eterno fantasma da seca, que sempre assola algumas regi\u00f5es do estado.<\/p>\r\n\r\n\r\n\r\n<p>Viva a chuva e salve o sol, nossas fontes de vida.<\/p>\r\n\r\n\r\n\r\n<p>Por Davi Ferraz<\/p>\r\n","protected":false},"excerpt":{"rendered":"<p>Depois de muita chuva nas \u00faltimas semanas\u00a0 a previs\u00e3o aponta para a volta dos dias ensolarados na Capital da Pecu\u00e1ria e cidades da regi\u00e3o Sudoeste. As temperaturas devem subir no m\u00eas de mar\u00e7o, trazendo chuvas esparsas, em todo o per\u00edodo. As \u00faltimas chuvas trouxeram problemas em muitos munic\u00edpios da Bahia, mas tamb\u00e9m afastaram o eterno [&hellip;]<\/p>\n","protected":false},"author":2,"featured_media":115405,"comment_status":"closed","ping_status":"open","sticky":false,"template":"","format":"standard","meta":{"footnotes":"","_links_to":"","_links_to_target":""},"categories":[1],"tags":[],"class_list":["post-115406","post","type-post","status-publish","format-standard","has-post-thumbnail","hentry","category-geral"],"views":805,"_links":{"self":[{"href":"https:\/\/www.sudoestehoje.com.br\/novoportal\/wp-json\/wp\/v2\/posts\/115406","targetHints":{"allow":["GET"]}}],"collection":[{"href":"https:\/\/www.sudoestehoje.com.br\/novoportal\/wp-json\/wp\/v2\/posts"}],"about":[{"href":"https:\/\/www.sudoestehoje.com.br\/novoportal\/wp-json\/wp\/v2\/types\/post"}],"author":[{"embeddable":true,"href":"https:\/\/www.sudoestehoje.com.br\/novoportal\/wp-json\/wp\/v2\/users\/2"}],"replies":[{"embeddable":true,"href":"https:\/\/www.sudoestehoje.com.br\/novoportal\/wp-json\/wp\/v2\/comments?post=115406"}],"version-history":[{"count":2,"href":"https:\/\/www.sudoestehoje.com.br\/novoportal\/wp-json\/wp\/v2\/posts\/115406\/revisions"}],"predecessor-version":[{"id":115419,"href":"https:\/\/www.sudoestehoje.com.br\/novoportal\/wp-json\/wp\/v2\/posts\/115406\/revisions\/115419"}],"wp:featuredmedia":[{"embeddable":true,"href":"https:\/\/www.sudoestehoje.com.br\/novoportal\/wp-json\/wp\/v2\/media\/115405"}],"wp:attachment":[{"href":"https:\/\/www.sudoestehoje.com.br\/novoportal\/wp-json\/wp\/v2\/media?parent=115406"}],"wp:term":[{"taxonomy":"category","embeddable":true,"href":"https:\/\/www.sudoestehoje.com.br\/novoportal\/wp-json\/wp\/v2\/categories?post=115406"},{"taxonomy":"post_tag","embeddable":true,"href":"https:\/\/www.sudoestehoje.com.br\/novoportal\/wp-json\/wp\/v2\/tags?post=115406"}],"curies":[{"name":"wp","href":"https:\/\/api.w.org\/{rel}","templated":true}]}}