
{"id":1154,"date":"2010-10-11T20:02:57","date_gmt":"2010-10-11T23:02:57","guid":{"rendered":"http:\/\/sudoestehoje.tempsite.ws\/novoportal\/?p=1154"},"modified":"2010-10-11T20:02:57","modified_gmt":"2010-10-11T23:02:57","slug":"marina-de-olho-no-ringue-eleitoral","status":"publish","type":"post","link":"https:\/\/www.sudoestehoje.com.br\/novoportal\/2010\/10\/11\/marina-de-olho-no-ringue-eleitoral\/","title":{"rendered":"Marina de olho no ringue eleitoral"},"content":{"rendered":"<p style=\"text-align: center;\"><img decoding=\"async\" src=\"http:\/\/www.culturaebarbarie.org\/mundoabrigo\/marinasilva.jpg\" alt=\"\" \/><\/p>\n<p style=\"text-align: center;\"><strong>Marina assistiu e n\u00e3o gostou do que viu<\/strong><\/p>\n<p>\u00a0<\/p>\n<p>Deu na Radar Online, da Veja: \u201cDlma Rousseff e Jos\u00e9 Serra esqueceram de Marina Silva no debate. Mas Marina, do alto de seus quase 20 milh\u00f5es de votos, ficou de olho na dupla antes, durante e depois do programa da Band. E, a julgar pelo que postou no seu twitter, n\u00e3o gostou do que viu. Ontem \u00e0 noite, ela tuitou nove coment\u00e1rios. Diante do clima de confronto, Marina criticou o chamado \u201cvale-tudo eleitoral\u201d dos candidatos. Recomendou-lhes que descessem do \u201cringue\u201d e subissem no \u201cpalanque\u201d. Ao final, queixou-se do fato de os eleitores continuarem \u201csem saber quais s\u00e3o as propostas de Serra e Dilma\u201d. Disse Marina: \u2013 Lamento que os candidatos n\u00e3o tenham percebido o que quase 20 milh\u00f5es de brasileiros sinalizaram sobre como se deve decidir o futuro do pa\u00eds. O apoio de Marina a um dos dois est\u00e1 mais longe do que nunca de tornar-se realidade.\u201d<\/p>\n","protected":false},"excerpt":{"rendered":"<p>Marina assistiu e n\u00e3o gostou do que viu \u00a0 Deu na Radar Online, da Veja: \u201cDlma Rousseff e Jos\u00e9 Serra esqueceram de Marina Silva no debate. Mas Marina, do alto de seus quase 20 milh\u00f5es de votos, ficou de olho na dupla antes, durante e depois do programa da Band. E, a julgar pelo que [&hellip;]<\/p>\n","protected":false},"author":2,"featured_media":0,"comment_status":"open","ping_status":"open","sticky":false,"template":"","format":"standard","meta":{"footnotes":"","_links_to":"","_links_to_target":""},"categories":[7],"tags":[],"class_list":["post-1154","post","type-post","status-publish","format-standard","hentry","category-policia"],"views":1257,"_links":{"self":[{"href":"https:\/\/www.sudoestehoje.com.br\/novoportal\/wp-json\/wp\/v2\/posts\/1154","targetHints":{"allow":["GET"]}}],"collection":[{"href":"https:\/\/www.sudoestehoje.com.br\/novoportal\/wp-json\/wp\/v2\/posts"}],"about":[{"href":"https:\/\/www.sudoestehoje.com.br\/novoportal\/wp-json\/wp\/v2\/types\/post"}],"author":[{"embeddable":true,"href":"https:\/\/www.sudoestehoje.com.br\/novoportal\/wp-json\/wp\/v2\/users\/2"}],"replies":[{"embeddable":true,"href":"https:\/\/www.sudoestehoje.com.br\/novoportal\/wp-json\/wp\/v2\/comments?post=1154"}],"version-history":[{"count":3,"href":"https:\/\/www.sudoestehoje.com.br\/novoportal\/wp-json\/wp\/v2\/posts\/1154\/revisions"}],"predecessor-version":[{"id":1157,"href":"https:\/\/www.sudoestehoje.com.br\/novoportal\/wp-json\/wp\/v2\/posts\/1154\/revisions\/1157"}],"wp:attachment":[{"href":"https:\/\/www.sudoestehoje.com.br\/novoportal\/wp-json\/wp\/v2\/media?parent=1154"}],"wp:term":[{"taxonomy":"category","embeddable":true,"href":"https:\/\/www.sudoestehoje.com.br\/novoportal\/wp-json\/wp\/v2\/categories?post=1154"},{"taxonomy":"post_tag","embeddable":true,"href":"https:\/\/www.sudoestehoje.com.br\/novoportal\/wp-json\/wp\/v2\/tags?post=1154"}],"curies":[{"name":"wp","href":"https:\/\/api.w.org\/{rel}","templated":true}]}}