
{"id":115376,"date":"2024-02-23T18:04:54","date_gmt":"2024-02-23T21:04:54","guid":{"rendered":"https:\/\/www.sudoestehoje.com.br\/novoportal\/?p=115376"},"modified":"2024-02-23T18:04:54","modified_gmt":"2024-02-23T21:04:54","slug":"itapetinga-radio-am-fica-fora-do-ar-por-falta-de-tecnico-em-radiodifusao-na-regiao","status":"publish","type":"post","link":"https:\/\/www.sudoestehoje.com.br\/novoportal\/2024\/02\/23\/itapetinga-radio-am-fica-fora-do-ar-por-falta-de-tecnico-em-radiodifusao-na-regiao\/","title":{"rendered":"ITAPETINGA | R\u00c1DIO AM FICA FORA DO AR POR FALTA DE T\u00c9CNICO EM RADIODIFUS\u00c3O NA REGI\u00c3O"},"content":{"rendered":"<p><img loading=\"lazy\" decoding=\"async\" class=\"alignnone size-full wp-image-115371\" src=\"https:\/\/www.sudoestehoje.com.br\/novoportal\/wp-content\/uploads\/2024\/02\/unnamed.jpg\" alt=\"\" width=\"512\" height=\"325\" \/><\/p>\n<p><strong>Uma das poucas r\u00e1dios AMs da regi\u00e3o, a R\u00e1dio Fascina\u00e7\u00e3o, est\u00e1 fora do ar h\u00e1 alguns dias, por falta de t\u00e9cnico em radiodifus\u00e3o para dar manuten\u00e7\u00e3o nos seus sistema de transmiss\u00e3o, que danificou durante as fortes chuvas e raios que ca\u00edram em Itapetinga e regi\u00e3o.<\/strong><\/p>\n<p><strong>A assist\u00eancia t\u00e9cnica \u00e0s emissora de r\u00e1dio em Itapetinga e outras cidades da regi\u00e3o, vinha sendo dada, h\u00e1 d\u00e9cadas, por Ant\u00f4nio Lima e S\u00e9rgio Trancoso (Serj\u00e3o), mas ambos faleceram, deixando uma grande lacuna neste setor.<\/strong><\/p>\n<p><strong>Segundo Cassio Brito, diretor administrativo da R\u00e1dio Fascina\u00e7\u00e3o, existem t\u00e9cnicos em transmissores FMs, mas s\u00e3o raros os que ainda cuidam das r\u00e1dios AMs.<\/strong><\/p>\n<p><strong>Segundo C\u00e1ssio, a emissora j\u00e1 tem autoriza\u00e7\u00e3o para funcionar na frequ\u00eancia FM, com transmissor de 1Kg de pot\u00eancia, que ser\u00e1 instalado em breve.<\/strong><\/p>\n<p><strong>Em Itapetinga, existem duas r\u00e1dios AMs e duas FMs, sendo que uma delas \u00e9 comunit\u00e1ria.<\/strong><\/p>\n<p><strong>Reda\u00e7\u00e3o SH<\/strong><\/p>\n","protected":false},"excerpt":{"rendered":"<p>Uma das poucas r\u00e1dios AMs da regi\u00e3o, a R\u00e1dio Fascina\u00e7\u00e3o, est\u00e1 fora do ar h\u00e1 alguns dias, por falta de t\u00e9cnico em radiodifus\u00e3o para dar manuten\u00e7\u00e3o nos seus sistema de transmiss\u00e3o, que danificou durante as fortes chuvas e raios que ca\u00edram em Itapetinga e regi\u00e3o. A assist\u00eancia t\u00e9cnica \u00e0s emissora de r\u00e1dio em Itapetinga e [&hellip;]<\/p>\n","protected":false},"author":2,"featured_media":115371,"comment_status":"closed","ping_status":"open","sticky":false,"template":"","format":"standard","meta":{"footnotes":"","_links_to":"","_links_to_target":""},"categories":[1],"tags":[],"class_list":["post-115376","post","type-post","status-publish","format-standard","has-post-thumbnail","hentry","category-geral"],"views":1419,"_links":{"self":[{"href":"https:\/\/www.sudoestehoje.com.br\/novoportal\/wp-json\/wp\/v2\/posts\/115376","targetHints":{"allow":["GET"]}}],"collection":[{"href":"https:\/\/www.sudoestehoje.com.br\/novoportal\/wp-json\/wp\/v2\/posts"}],"about":[{"href":"https:\/\/www.sudoestehoje.com.br\/novoportal\/wp-json\/wp\/v2\/types\/post"}],"author":[{"embeddable":true,"href":"https:\/\/www.sudoestehoje.com.br\/novoportal\/wp-json\/wp\/v2\/users\/2"}],"replies":[{"embeddable":true,"href":"https:\/\/www.sudoestehoje.com.br\/novoportal\/wp-json\/wp\/v2\/comments?post=115376"}],"version-history":[{"count":1,"href":"https:\/\/www.sudoestehoje.com.br\/novoportal\/wp-json\/wp\/v2\/posts\/115376\/revisions"}],"predecessor-version":[{"id":115377,"href":"https:\/\/www.sudoestehoje.com.br\/novoportal\/wp-json\/wp\/v2\/posts\/115376\/revisions\/115377"}],"wp:featuredmedia":[{"embeddable":true,"href":"https:\/\/www.sudoestehoje.com.br\/novoportal\/wp-json\/wp\/v2\/media\/115371"}],"wp:attachment":[{"href":"https:\/\/www.sudoestehoje.com.br\/novoportal\/wp-json\/wp\/v2\/media?parent=115376"}],"wp:term":[{"taxonomy":"category","embeddable":true,"href":"https:\/\/www.sudoestehoje.com.br\/novoportal\/wp-json\/wp\/v2\/categories?post=115376"},{"taxonomy":"post_tag","embeddable":true,"href":"https:\/\/www.sudoestehoje.com.br\/novoportal\/wp-json\/wp\/v2\/tags?post=115376"}],"curies":[{"name":"wp","href":"https:\/\/api.w.org\/{rel}","templated":true}]}}