
{"id":115351,"date":"2024-02-23T08:40:06","date_gmt":"2024-02-23T11:40:06","guid":{"rendered":"https:\/\/www.sudoestehoje.com.br\/novoportal\/?p=115351"},"modified":"2024-02-23T08:40:06","modified_gmt":"2024-02-23T11:40:06","slug":"condenado-na-espanha-daniel-alves-pode-cumprir-parte-da-pena-no-brasil","status":"publish","type":"post","link":"https:\/\/www.sudoestehoje.com.br\/novoportal\/2024\/02\/23\/condenado-na-espanha-daniel-alves-pode-cumprir-parte-da-pena-no-brasil\/","title":{"rendered":"CONDENADO NA ESPANHA, DANIEL ALVES PODE CUMPRIR PARTE DA PENA NO BRASIL"},"content":{"rendered":"<p><img loading=\"lazy\" decoding=\"async\" class=\"alignnone  wp-image-115354\" src=\"https:\/\/www.sudoestehoje.com.br\/novoportal\/wp-content\/uploads\/2024\/02\/daniel-600x354.jpg\" alt=\"\" width=\"551\" height=\"325\" srcset=\"https:\/\/www.sudoestehoje.com.br\/novoportal\/wp-content\/uploads\/2024\/02\/daniel-600x354.jpg 600w, https:\/\/www.sudoestehoje.com.br\/novoportal\/wp-content\/uploads\/2024\/02\/daniel-700x413.jpg 700w, https:\/\/www.sudoestehoje.com.br\/novoportal\/wp-content\/uploads\/2024\/02\/daniel-768x453.jpg 768w, https:\/\/www.sudoestehoje.com.br\/novoportal\/wp-content\/uploads\/2024\/02\/daniel.jpg 1280w\" sizes=\"auto, (max-width: 551px) 100vw, 551px\" \/><\/p>\n<p><strong>Ap\u00f3s sair a condena\u00e7\u00e3o de Daniel Alves, de quatro anos e seis meses de pris\u00e3o, por agress\u00e3o sexual contra uma mulher em Barcelona, v\u00e1rios desdobramentos da senten\u00e7a est\u00e3o surgindo por parte da defesa do ex-jogador.<\/strong><\/p>\n<p><strong>De acordo com o advogado espanhol Agust\u00edn Mart\u00ednez, em entrevista ao jornal &#8216;Marca&#8217;, o C\u00f3digo Penal Espanhol prev\u00ea que estrangeiros condenados a menos de cinco anos, podem pedir a expuls\u00e3o do pa\u00eds, o que \u00e9 o caso de Daniel Alves, j\u00e1 que foi condenado a um per\u00edodo menor que este.<\/strong><\/p>\n<p><strong>Com a possibilidade de voltar ao Brasil, pedindo que seja expulso da Espanha, autoridades brasileiras iriam analisar se a senten\u00e7a do jogador por agress\u00e3o sexual \u00e9 ou n\u00e3o v\u00e1lida. Ainda segundo o advogado, existe uma op\u00e7\u00e3o ainda mais favor\u00e1vel para Daniel Alves.\u00a0<\/strong><\/p>\n<p><strong>Como ele j\u00e1 cumpriu pouco mais de um ano de pris\u00e3o, assim que cumprir um ter\u00e7o de sua pena, o que acontece em maio, o ex-jogador passar\u00e1 a ter direito \u00e0 Lei Org\u00e2nica 1\/1979 e no Real Decreto 1990\/1996, podendo exigir ficar apenas oito horas na cadeia.<\/strong><\/p>\n<p><strong>Com isso, o brasileiro teria a op\u00e7\u00e3o de passar o dia fora da penitenci\u00e1ria e apenas dormir no pres\u00eddio. Um juiz de Vigil\u00e2ncia Penitenci\u00e1ria poderia ainda liber\u00e1-lo, em caso de bom comportamento, para passar os finais de semana em casa.<\/strong><\/p>\n","protected":false},"excerpt":{"rendered":"<p>Ap\u00f3s sair a condena\u00e7\u00e3o de Daniel Alves, de quatro anos e seis meses de pris\u00e3o, por agress\u00e3o sexual contra uma mulher em Barcelona, v\u00e1rios desdobramentos da senten\u00e7a est\u00e3o surgindo por parte da defesa do ex-jogador. De acordo com o advogado espanhol Agust\u00edn Mart\u00ednez, em entrevista ao jornal &#8216;Marca&#8217;, o C\u00f3digo Penal Espanhol prev\u00ea que estrangeiros [&hellip;]<\/p>\n","protected":false},"author":2,"featured_media":115354,"comment_status":"closed","ping_status":"open","sticky":false,"template":"","format":"standard","meta":{"footnotes":"","_links_to":"","_links_to_target":""},"categories":[1],"tags":[],"class_list":["post-115351","post","type-post","status-publish","format-standard","has-post-thumbnail","hentry","category-geral"],"views":550,"_links":{"self":[{"href":"https:\/\/www.sudoestehoje.com.br\/novoportal\/wp-json\/wp\/v2\/posts\/115351","targetHints":{"allow":["GET"]}}],"collection":[{"href":"https:\/\/www.sudoestehoje.com.br\/novoportal\/wp-json\/wp\/v2\/posts"}],"about":[{"href":"https:\/\/www.sudoestehoje.com.br\/novoportal\/wp-json\/wp\/v2\/types\/post"}],"author":[{"embeddable":true,"href":"https:\/\/www.sudoestehoje.com.br\/novoportal\/wp-json\/wp\/v2\/users\/2"}],"replies":[{"embeddable":true,"href":"https:\/\/www.sudoestehoje.com.br\/novoportal\/wp-json\/wp\/v2\/comments?post=115351"}],"version-history":[{"count":3,"href":"https:\/\/www.sudoestehoje.com.br\/novoportal\/wp-json\/wp\/v2\/posts\/115351\/revisions"}],"predecessor-version":[{"id":115355,"href":"https:\/\/www.sudoestehoje.com.br\/novoportal\/wp-json\/wp\/v2\/posts\/115351\/revisions\/115355"}],"wp:featuredmedia":[{"embeddable":true,"href":"https:\/\/www.sudoestehoje.com.br\/novoportal\/wp-json\/wp\/v2\/media\/115354"}],"wp:attachment":[{"href":"https:\/\/www.sudoestehoje.com.br\/novoportal\/wp-json\/wp\/v2\/media?parent=115351"}],"wp:term":[{"taxonomy":"category","embeddable":true,"href":"https:\/\/www.sudoestehoje.com.br\/novoportal\/wp-json\/wp\/v2\/categories?post=115351"},{"taxonomy":"post_tag","embeddable":true,"href":"https:\/\/www.sudoestehoje.com.br\/novoportal\/wp-json\/wp\/v2\/tags?post=115351"}],"curies":[{"name":"wp","href":"https:\/\/api.w.org\/{rel}","templated":true}]}}