
{"id":115344,"date":"2024-02-23T08:29:01","date_gmt":"2024-02-23T11:29:01","guid":{"rendered":"https:\/\/www.sudoestehoje.com.br\/novoportal\/?p=115344"},"modified":"2024-02-23T08:29:01","modified_gmt":"2024-02-23T11:29:01","slug":"conquista-homem-e-condenado-a-18-anos-de-prisao-por-morte-de-empresaria","status":"publish","type":"post","link":"https:\/\/www.sudoestehoje.com.br\/novoportal\/2024\/02\/23\/conquista-homem-e-condenado-a-18-anos-de-prisao-por-morte-de-empresaria\/","title":{"rendered":"CONQUISTA | HOMEM \u00c9 CONDENADO A 18 ANOS DE PRIS\u00c3O POR MORTE DE EMPRES\u00c1RIA"},"content":{"rendered":"<p><img loading=\"lazy\" decoding=\"async\" class=\"alignnone  wp-image-115348\" src=\"https:\/\/www.sudoestehoje.com.br\/novoportal\/wp-content\/uploads\/2024\/02\/GHARDk2XYAA_GO2-600x360.jpg\" alt=\"\" width=\"555\" height=\"333\" srcset=\"https:\/\/www.sudoestehoje.com.br\/novoportal\/wp-content\/uploads\/2024\/02\/GHARDk2XYAA_GO2-600x360.jpg 600w, https:\/\/www.sudoestehoje.com.br\/novoportal\/wp-content\/uploads\/2024\/02\/GHARDk2XYAA_GO2.jpg 650w\" sizes=\"auto, (max-width: 555px) 100vw, 555px\" \/><\/p>\n<p><strong>Um homem foi condenado a 18 anos de pris\u00e3o pela morte de uma empres\u00e1ria em\u00a0Barra do Cho\u00e7a, no Sudoeste baiano. O julgamento ocorreu nesta quinta-feira (22) em\u00a0Vit\u00f3ria da Conquista, na mesma regi\u00e3o. Segundo o\u00a0Blog do Anderson, o r\u00e9u, Everton Bruno dos Santos Miranda, de 41 anos, \u00e9 apontado como autor da morte de Givanete de Souza Nogueira, de 52 anos.<\/strong><\/p>\n<p><strong>A empres\u00e1ria foi\u00a0encontrada morta na zona rural de Barra do Cho\u00e7a, com marcas de estrangulamento. O crime ocorreu em janeiro de 2021. Ainda segundo informa\u00e7\u00f5es, a\u00a0motiva\u00e7\u00e3o do homic\u00eddio foi uma d\u00edvida de R$ 15 mil que Everton tinha com a v\u00edtima. Ambos tinham lojas na Galeria Joaquim Correia.<\/strong><\/p>\n<p><strong>Desde 2021, Everton segue preso no Conjunto Penal de Vit\u00f3ria da Conquista. A senten\u00e7a foi aplicada pela ju\u00edza Janine Soares de Matos Ferraz.\u00a0<\/strong><\/p>\n","protected":false},"excerpt":{"rendered":"<p>Um homem foi condenado a 18 anos de pris\u00e3o pela morte de uma empres\u00e1ria em\u00a0Barra do Cho\u00e7a, no Sudoeste baiano. O julgamento ocorreu nesta quinta-feira (22) em\u00a0Vit\u00f3ria da Conquista, na mesma regi\u00e3o. Segundo o\u00a0Blog do Anderson, o r\u00e9u, Everton Bruno dos Santos Miranda, de 41 anos, \u00e9 apontado como autor da morte de Givanete de [&hellip;]<\/p>\n","protected":false},"author":2,"featured_media":115348,"comment_status":"closed","ping_status":"open","sticky":false,"template":"","format":"standard","meta":{"footnotes":"","_links_to":"","_links_to_target":""},"categories":[1],"tags":[],"class_list":["post-115344","post","type-post","status-publish","format-standard","has-post-thumbnail","hentry","category-geral"],"views":669,"_links":{"self":[{"href":"https:\/\/www.sudoestehoje.com.br\/novoportal\/wp-json\/wp\/v2\/posts\/115344","targetHints":{"allow":["GET"]}}],"collection":[{"href":"https:\/\/www.sudoestehoje.com.br\/novoportal\/wp-json\/wp\/v2\/posts"}],"about":[{"href":"https:\/\/www.sudoestehoje.com.br\/novoportal\/wp-json\/wp\/v2\/types\/post"}],"author":[{"embeddable":true,"href":"https:\/\/www.sudoestehoje.com.br\/novoportal\/wp-json\/wp\/v2\/users\/2"}],"replies":[{"embeddable":true,"href":"https:\/\/www.sudoestehoje.com.br\/novoportal\/wp-json\/wp\/v2\/comments?post=115344"}],"version-history":[{"count":4,"href":"https:\/\/www.sudoestehoje.com.br\/novoportal\/wp-json\/wp\/v2\/posts\/115344\/revisions"}],"predecessor-version":[{"id":115350,"href":"https:\/\/www.sudoestehoje.com.br\/novoportal\/wp-json\/wp\/v2\/posts\/115344\/revisions\/115350"}],"wp:featuredmedia":[{"embeddable":true,"href":"https:\/\/www.sudoestehoje.com.br\/novoportal\/wp-json\/wp\/v2\/media\/115348"}],"wp:attachment":[{"href":"https:\/\/www.sudoestehoje.com.br\/novoportal\/wp-json\/wp\/v2\/media?parent=115344"}],"wp:term":[{"taxonomy":"category","embeddable":true,"href":"https:\/\/www.sudoestehoje.com.br\/novoportal\/wp-json\/wp\/v2\/categories?post=115344"},{"taxonomy":"post_tag","embeddable":true,"href":"https:\/\/www.sudoestehoje.com.br\/novoportal\/wp-json\/wp\/v2\/tags?post=115344"}],"curies":[{"name":"wp","href":"https:\/\/api.w.org\/{rel}","templated":true}]}}