
{"id":115333,"date":"2024-02-21T21:35:18","date_gmt":"2024-02-22T00:35:18","guid":{"rendered":"https:\/\/www.sudoestehoje.com.br\/novoportal\/?p=115333"},"modified":"2024-02-21T21:35:18","modified_gmt":"2024-02-22T00:35:18","slug":"regiao-barranco-cede-e-rodovia-entre-ponto-de-asterio-e-ibicui-e-interditada","status":"publish","type":"post","link":"https:\/\/www.sudoestehoje.com.br\/novoportal\/2024\/02\/21\/regiao-barranco-cede-e-rodovia-entre-ponto-de-asterio-e-ibicui-e-interditada\/","title":{"rendered":"REGI\u00c3O | BARRANCO CEDE E RODOVIA ENTRE PONTO DE AST\u00c9RIO E IBICU\u00cd \u00c9 INTERDITADA"},"content":{"rendered":"<p><img loading=\"lazy\" decoding=\"async\" class=\"alignnone  wp-image-115334\" src=\"https:\/\/www.sudoestehoje.com.br\/novoportal\/wp-content\/uploads\/2024\/02\/c7e9478b-61e0-4eb5-8126-5e26b40398de-1-600x338.jpg\" alt=\"\" width=\"549\" height=\"309\" srcset=\"https:\/\/www.sudoestehoje.com.br\/novoportal\/wp-content\/uploads\/2024\/02\/c7e9478b-61e0-4eb5-8126-5e26b40398de-1-600x338.jpg 600w, https:\/\/www.sudoestehoje.com.br\/novoportal\/wp-content\/uploads\/2024\/02\/c7e9478b-61e0-4eb5-8126-5e26b40398de-1-700x394.jpg 700w, https:\/\/www.sudoestehoje.com.br\/novoportal\/wp-content\/uploads\/2024\/02\/c7e9478b-61e0-4eb5-8126-5e26b40398de-1-768x432.jpg 768w, https:\/\/www.sudoestehoje.com.br\/novoportal\/wp-content\/uploads\/2024\/02\/c7e9478b-61e0-4eb5-8126-5e26b40398de-1.jpg 1280w\" sizes=\"auto, (max-width: 549px) 100vw, 549px\" \/><\/p>\n<p><strong>Uma eros\u00e3o foi registrada em um trecho da BA-130, entre Ibicu\u00ed e o distrito de Itai\u00e1, ap\u00f3s o rompimento do bueiro por conta do volume de chuva que atinge a regi\u00e3o nesta ter\u00e7a-feira (21).<\/strong><\/p>\n<p><strong> Equipes do Batalh\u00e3o de Pol\u00edcia Rodovi\u00e1rio e de manuten\u00e7\u00e3o da Seinfra, realizaram a sinaliza\u00e7\u00e3o do trecho para a seguran\u00e7a dos motoristas que trafegam pela regi\u00e3o.<\/strong><\/p>\n<p><img loading=\"lazy\" decoding=\"async\" class=\"alignnone  wp-image-115329\" src=\"https:\/\/www.sudoestehoje.com.br\/novoportal\/wp-content\/uploads\/2024\/02\/c2ca368d-d3f3-4d5e-8545-01ff896e334d-600x338.jpg\" alt=\"\" width=\"550\" height=\"310\" srcset=\"https:\/\/www.sudoestehoje.com.br\/novoportal\/wp-content\/uploads\/2024\/02\/c2ca368d-d3f3-4d5e-8545-01ff896e334d-600x338.jpg 600w, https:\/\/www.sudoestehoje.com.br\/novoportal\/wp-content\/uploads\/2024\/02\/c2ca368d-d3f3-4d5e-8545-01ff896e334d-700x394.jpg 700w, https:\/\/www.sudoestehoje.com.br\/novoportal\/wp-content\/uploads\/2024\/02\/c2ca368d-d3f3-4d5e-8545-01ff896e334d-768x432.jpg 768w, https:\/\/www.sudoestehoje.com.br\/novoportal\/wp-content\/uploads\/2024\/02\/c2ca368d-d3f3-4d5e-8545-01ff896e334d.jpg 1280w\" sizes=\"auto, (max-width: 550px) 100vw, 550px\" \/><\/p>\n<p><strong>Ap\u00f3s avalia\u00e7\u00e3o da equipe da Seinfra foi necess\u00e1rio interditar o tr\u00e1fego, sendo permitido, apenas, o tr\u00e2nsito de ve\u00edculos em emerg\u00eancia (ambul\u00e2ncias).<\/strong><\/p>\n<p><strong><em>&#8220;Amanh\u00e3 cedo estaremos novamente no local , onde identificamos possibilidade de fazer um desvio ao lado esquerdo da pista&#8221;<\/em>, informou o engenheiro Hemyson Castro, da Seinfra. \/\/SH<\/strong><\/p>\n","protected":false},"excerpt":{"rendered":"<p>Uma eros\u00e3o foi registrada em um trecho da BA-130, entre Ibicu\u00ed e o distrito de Itai\u00e1, ap\u00f3s o rompimento do bueiro por conta do volume de chuva que atinge a regi\u00e3o nesta ter\u00e7a-feira (21). Equipes do Batalh\u00e3o de Pol\u00edcia Rodovi\u00e1rio e de manuten\u00e7\u00e3o da Seinfra, realizaram a sinaliza\u00e7\u00e3o do trecho para a seguran\u00e7a dos motoristas [&hellip;]<\/p>\n","protected":false},"author":2,"featured_media":115334,"comment_status":"closed","ping_status":"open","sticky":false,"template":"","format":"standard","meta":{"footnotes":"","_links_to":"","_links_to_target":""},"categories":[1],"tags":[],"class_list":["post-115333","post","type-post","status-publish","format-standard","has-post-thumbnail","hentry","category-geral"],"views":648,"_links":{"self":[{"href":"https:\/\/www.sudoestehoje.com.br\/novoportal\/wp-json\/wp\/v2\/posts\/115333","targetHints":{"allow":["GET"]}}],"collection":[{"href":"https:\/\/www.sudoestehoje.com.br\/novoportal\/wp-json\/wp\/v2\/posts"}],"about":[{"href":"https:\/\/www.sudoestehoje.com.br\/novoportal\/wp-json\/wp\/v2\/types\/post"}],"author":[{"embeddable":true,"href":"https:\/\/www.sudoestehoje.com.br\/novoportal\/wp-json\/wp\/v2\/users\/2"}],"replies":[{"embeddable":true,"href":"https:\/\/www.sudoestehoje.com.br\/novoportal\/wp-json\/wp\/v2\/comments?post=115333"}],"version-history":[{"count":1,"href":"https:\/\/www.sudoestehoje.com.br\/novoportal\/wp-json\/wp\/v2\/posts\/115333\/revisions"}],"predecessor-version":[{"id":115335,"href":"https:\/\/www.sudoestehoje.com.br\/novoportal\/wp-json\/wp\/v2\/posts\/115333\/revisions\/115335"}],"wp:featuredmedia":[{"embeddable":true,"href":"https:\/\/www.sudoestehoje.com.br\/novoportal\/wp-json\/wp\/v2\/media\/115334"}],"wp:attachment":[{"href":"https:\/\/www.sudoestehoje.com.br\/novoportal\/wp-json\/wp\/v2\/media?parent=115333"}],"wp:term":[{"taxonomy":"category","embeddable":true,"href":"https:\/\/www.sudoestehoje.com.br\/novoportal\/wp-json\/wp\/v2\/categories?post=115333"},{"taxonomy":"post_tag","embeddable":true,"href":"https:\/\/www.sudoestehoje.com.br\/novoportal\/wp-json\/wp\/v2\/tags?post=115333"}],"curies":[{"name":"wp","href":"https:\/\/api.w.org\/{rel}","templated":true}]}}