
{"id":115314,"date":"2024-02-21T10:55:36","date_gmt":"2024-02-21T13:55:36","guid":{"rendered":"https:\/\/www.sudoestehoje.com.br\/novoportal\/?p=115314"},"modified":"2024-02-21T10:55:36","modified_gmt":"2024-02-21T13:55:36","slug":"governador-jeronimo-admite-voltar-atras-em-portaria-passa-tudo","status":"publish","type":"post","link":"https:\/\/www.sudoestehoje.com.br\/novoportal\/2024\/02\/21\/governador-jeronimo-admite-voltar-atras-em-portaria-passa-tudo\/","title":{"rendered":"GOVERNADOR JER\u00d4NIMO ADMITE VOLTAR ATR\u00c1S EM PORTARIA &#8216;PASSA TUDO&#8221;"},"content":{"rendered":"<p><img loading=\"lazy\" decoding=\"async\" class=\"alignnone  wp-image-115315\" src=\"https:\/\/www.sudoestehoje.com.br\/novoportal\/wp-content\/uploads\/2024\/02\/governador-da-bahia-jeronimo-rodrigues-2019599-article-600x338.webp\" alt=\"\" width=\"549\" height=\"309\" srcset=\"https:\/\/www.sudoestehoje.com.br\/novoportal\/wp-content\/uploads\/2024\/02\/governador-da-bahia-jeronimo-rodrigues-2019599-article-600x338.webp 600w, https:\/\/www.sudoestehoje.com.br\/novoportal\/wp-content\/uploads\/2024\/02\/governador-da-bahia-jeronimo-rodrigues-2019599-article-700x394.webp 700w, https:\/\/www.sudoestehoje.com.br\/novoportal\/wp-content\/uploads\/2024\/02\/governador-da-bahia-jeronimo-rodrigues-2019599-article-768x432.webp 768w, https:\/\/www.sudoestehoje.com.br\/novoportal\/wp-content\/uploads\/2024\/02\/governador-da-bahia-jeronimo-rodrigues-2019599-article.webp 1200w\" sizes=\"auto, (max-width: 549px) 100vw, 549px\" \/><\/p>\n<p><strong>O governador da Bahia, Jer\u00f4nimo Rodrigues (PT), admitiu, nesta ter\u00e7a-feira (20), voltar atr\u00e1s da portaria 190\/2024 se for para ter escola \u201cacolhedora e inclusiva\u201d. <\/strong><\/p>\n<p><strong>O petista ressaltou que a medida n\u00e3o visa nem a aprova\u00e7\u00e3o em massa de estudantes nem tem inten\u00e7\u00e3o de melhorar os \u00edndices do IDEB (\u00cdndice de Desenvolvimento da Educa\u00e7\u00e3o B\u00e1sica).<\/strong><\/p>\n<p><span style=\"color: #0000ff;\"><strong><a style=\"color: #0000ff;\" href=\"https:\/\/www.correio24horas.com.br\/minha-bahia\/jeronimo-admite-voltar-atras-de-portaria-se-for-para-ter-escola-acolhedora-e-inclusiva-0224\">CONFIRA MAT\u00c9RIA COMPLETA NO CORREIO<\/a><\/strong><\/span><\/p>\n","protected":false},"excerpt":{"rendered":"<p>O governador da Bahia, Jer\u00f4nimo Rodrigues (PT), admitiu, nesta ter\u00e7a-feira (20), voltar atr\u00e1s da portaria 190\/2024 se for para ter escola \u201cacolhedora e inclusiva\u201d. O petista ressaltou que a medida n\u00e3o visa nem a aprova\u00e7\u00e3o em massa de estudantes nem tem inten\u00e7\u00e3o de melhorar os \u00edndices do IDEB (\u00cdndice de Desenvolvimento da Educa\u00e7\u00e3o B\u00e1sica). CONFIRA [&hellip;]<\/p>\n","protected":false},"author":2,"featured_media":115315,"comment_status":"closed","ping_status":"open","sticky":false,"template":"","format":"standard","meta":{"footnotes":"","_links_to":"","_links_to_target":""},"categories":[1],"tags":[],"class_list":["post-115314","post","type-post","status-publish","format-standard","has-post-thumbnail","hentry","category-geral"],"views":762,"_links":{"self":[{"href":"https:\/\/www.sudoestehoje.com.br\/novoportal\/wp-json\/wp\/v2\/posts\/115314","targetHints":{"allow":["GET"]}}],"collection":[{"href":"https:\/\/www.sudoestehoje.com.br\/novoportal\/wp-json\/wp\/v2\/posts"}],"about":[{"href":"https:\/\/www.sudoestehoje.com.br\/novoportal\/wp-json\/wp\/v2\/types\/post"}],"author":[{"embeddable":true,"href":"https:\/\/www.sudoestehoje.com.br\/novoportal\/wp-json\/wp\/v2\/users\/2"}],"replies":[{"embeddable":true,"href":"https:\/\/www.sudoestehoje.com.br\/novoportal\/wp-json\/wp\/v2\/comments?post=115314"}],"version-history":[{"count":1,"href":"https:\/\/www.sudoestehoje.com.br\/novoportal\/wp-json\/wp\/v2\/posts\/115314\/revisions"}],"predecessor-version":[{"id":115316,"href":"https:\/\/www.sudoestehoje.com.br\/novoportal\/wp-json\/wp\/v2\/posts\/115314\/revisions\/115316"}],"wp:featuredmedia":[{"embeddable":true,"href":"https:\/\/www.sudoestehoje.com.br\/novoportal\/wp-json\/wp\/v2\/media\/115315"}],"wp:attachment":[{"href":"https:\/\/www.sudoestehoje.com.br\/novoportal\/wp-json\/wp\/v2\/media?parent=115314"}],"wp:term":[{"taxonomy":"category","embeddable":true,"href":"https:\/\/www.sudoestehoje.com.br\/novoportal\/wp-json\/wp\/v2\/categories?post=115314"},{"taxonomy":"post_tag","embeddable":true,"href":"https:\/\/www.sudoestehoje.com.br\/novoportal\/wp-json\/wp\/v2\/tags?post=115314"}],"curies":[{"name":"wp","href":"https:\/\/api.w.org\/{rel}","templated":true}]}}