
{"id":115306,"date":"2024-02-20T17:37:01","date_gmt":"2024-02-20T20:37:01","guid":{"rendered":"https:\/\/www.sudoestehoje.com.br\/novoportal\/?p=115306"},"modified":"2024-02-20T17:37:01","modified_gmt":"2024-02-20T20:37:01","slug":"bahia-mais-de-37-mil-pessoas-estao-desalojadas-por-causa-das-chuvas-6-morreram","status":"publish","type":"post","link":"https:\/\/www.sudoestehoje.com.br\/novoportal\/2024\/02\/20\/bahia-mais-de-37-mil-pessoas-estao-desalojadas-por-causa-das-chuvas-6-morreram\/","title":{"rendered":"BAHIA | MAIS DE 3,7 MIL PESSOAS EST\u00c3O DESALOJADAS POR CAUSA DAS CHUVAS; 6 MORRERAM"},"content":{"rendered":"<p><img loading=\"lazy\" decoding=\"async\" class=\"alignnone  wp-image-115308\" src=\"https:\/\/www.sudoestehoje.com.br\/novoportal\/wp-content\/uploads\/2024\/02\/chuvas3.png\" alt=\"\" width=\"551\" height=\"347\" \/><\/p>\n<p><strong>Mais de 3,7 mil pessoas est\u00e3o desalojadas por causa das fortes chuvas que atingem a Bahia desde o final de semana. De acordo com a Superintend\u00eancia de Prote\u00e7\u00e3o e Defesa Civil da Bahia (Sudec), seis mortes foram registradas.<\/strong><\/p>\n<p><strong>As mortes n\u00e3o foram detalhadas e n\u00e3o h\u00e1 informa\u00e7\u00f5es sobre as cidades onde foram registradas, nem sobre as identidades das v\u00edtimas.<\/strong><\/p>\n<p><strong>Os n\u00fameros correspondem \u00e0s ocorr\u00eancias registradas em 44 munic\u00edpios. Deles, 30 est\u00e3o com decreto de situa\u00e7\u00e3o de emerg\u00eancia. Entre eles, est\u00e3o Itoror\u00f3 e Santa Luzia, que registram diversos alagamentos. [Veja lista ao final da mat\u00e9ria]<\/strong><\/p>\n<p><strong>Al\u00e9m dos desalojados, pessoas que precisaram sair de casa temporariamente, h\u00e1 tamb\u00e9m 200 pessoas desabrigadas, ou seja, que perderam seus im\u00f3veis.<\/strong><\/p>\n<p><strong>As chuvas tamb\u00e9m causaram interdi\u00e7\u00f5es em estradas. Confira:<\/strong><\/p>\n<p><strong>Pontilh\u00e3o em Angical<\/strong><br \/>\n<strong>Um dos encontros do pontilh\u00e3o na estrada vicinal do munic\u00edpio de Angical cedeu ap\u00f3s rompimento da Barragem de Ouri\u00e7angas na madrugada desta segunda-feira (19). A passagem de ve\u00edculo est\u00e1 interrompida.<\/strong><br \/>\n<strong>BA-381 (Quijingue \u2013 Cansan\u00e7\u00e3o)<\/strong><br \/>\n<strong>Com as chuvas, os encontros dos bueiros romperam no final de janeiro e o tr\u00e1fego segue interditado na rodovia.<\/strong><br \/>\n<strong>Ponte na BA-647 (entre Palmeirinha e Aiquara)<\/strong><br \/>\n<strong>Uma eros\u00e3o foi registrada em uma das cabeceiras da ponte sobre o Rio de Contas, entre Palmeirinha e Aiquara, na BA-647. A empresa respons\u00e1vel pela manuten\u00e7\u00e3o da rodovia j\u00e1 foi acionada para solucionar o problema. A passagem de ve\u00edculos est\u00e1 em meia pista.<\/strong><br \/>\n<strong>BA-130 (Ponto do Ast\u00e9rio &#8211; Ibicu\u00ed &#8211; Nova Cana\u00e3 &#8211; Igua\u00ed &#8211; Po\u00e7\u00f5es).<\/strong><\/p>\n<p><strong>Um bueiro cedeu em decorr\u00eancia das fortes chuvas em 8 de fevereiro e parte da rodovia foi comprometida. O trecho em Ponto do Ast\u00e9rio est\u00e1 sinalizado e com o apoio do Batalh\u00e3o da Pol\u00edcia Rodovi\u00e1ria. O tr\u00e1fego segue liberado em meia pista.<\/strong><\/p>\n","protected":false},"excerpt":{"rendered":"<p>Mais de 3,7 mil pessoas est\u00e3o desalojadas por causa das fortes chuvas que atingem a Bahia desde o final de semana. De acordo com a Superintend\u00eancia de Prote\u00e7\u00e3o e Defesa Civil da Bahia (Sudec), seis mortes foram registradas. As mortes n\u00e3o foram detalhadas e n\u00e3o h\u00e1 informa\u00e7\u00f5es sobre as cidades onde foram registradas, nem sobre [&hellip;]<\/p>\n","protected":false},"author":2,"featured_media":115308,"comment_status":"closed","ping_status":"open","sticky":false,"template":"","format":"standard","meta":{"footnotes":"","_links_to":"","_links_to_target":""},"categories":[1],"tags":[],"class_list":["post-115306","post","type-post","status-publish","format-standard","has-post-thumbnail","hentry","category-geral"],"views":742,"_links":{"self":[{"href":"https:\/\/www.sudoestehoje.com.br\/novoportal\/wp-json\/wp\/v2\/posts\/115306","targetHints":{"allow":["GET"]}}],"collection":[{"href":"https:\/\/www.sudoestehoje.com.br\/novoportal\/wp-json\/wp\/v2\/posts"}],"about":[{"href":"https:\/\/www.sudoestehoje.com.br\/novoportal\/wp-json\/wp\/v2\/types\/post"}],"author":[{"embeddable":true,"href":"https:\/\/www.sudoestehoje.com.br\/novoportal\/wp-json\/wp\/v2\/users\/2"}],"replies":[{"embeddable":true,"href":"https:\/\/www.sudoestehoje.com.br\/novoportal\/wp-json\/wp\/v2\/comments?post=115306"}],"version-history":[{"count":2,"href":"https:\/\/www.sudoestehoje.com.br\/novoportal\/wp-json\/wp\/v2\/posts\/115306\/revisions"}],"predecessor-version":[{"id":115309,"href":"https:\/\/www.sudoestehoje.com.br\/novoportal\/wp-json\/wp\/v2\/posts\/115306\/revisions\/115309"}],"wp:featuredmedia":[{"embeddable":true,"href":"https:\/\/www.sudoestehoje.com.br\/novoportal\/wp-json\/wp\/v2\/media\/115308"}],"wp:attachment":[{"href":"https:\/\/www.sudoestehoje.com.br\/novoportal\/wp-json\/wp\/v2\/media?parent=115306"}],"wp:term":[{"taxonomy":"category","embeddable":true,"href":"https:\/\/www.sudoestehoje.com.br\/novoportal\/wp-json\/wp\/v2\/categories?post=115306"},{"taxonomy":"post_tag","embeddable":true,"href":"https:\/\/www.sudoestehoje.com.br\/novoportal\/wp-json\/wp\/v2\/tags?post=115306"}],"curies":[{"name":"wp","href":"https:\/\/api.w.org\/{rel}","templated":true}]}}