
{"id":115302,"date":"2024-02-20T16:43:11","date_gmt":"2024-02-20T19:43:11","guid":{"rendered":"https:\/\/www.sudoestehoje.com.br\/novoportal\/?p=115302"},"modified":"2024-02-20T16:43:11","modified_gmt":"2024-02-20T19:43:11","slug":"itapetinga-prefeito-rodrigo-participa-da-abertura-do-ano-legislativo-na-camara","status":"publish","type":"post","link":"https:\/\/www.sudoestehoje.com.br\/novoportal\/2024\/02\/20\/itapetinga-prefeito-rodrigo-participa-da-abertura-do-ano-legislativo-na-camara\/","title":{"rendered":"ITAPETINGA | PREFEITO RODRIGO PARTICIPA DA ABERTURA DO ANO LEGISLATIVO NA C\u00c2MARA"},"content":{"rendered":"<p><img loading=\"lazy\" decoding=\"async\" class=\"alignnone  wp-image-115304\" src=\"https:\/\/www.sudoestehoje.com.br\/novoportal\/wp-content\/uploads\/2024\/02\/WhatsApp-Image-2024-02-20-at-16.20.46-3-990x661-1-600x401.jpeg\" alt=\"\" width=\"551\" height=\"368\" srcset=\"https:\/\/www.sudoestehoje.com.br\/novoportal\/wp-content\/uploads\/2024\/02\/WhatsApp-Image-2024-02-20-at-16.20.46-3-990x661-1-600x401.jpeg 600w, https:\/\/www.sudoestehoje.com.br\/novoportal\/wp-content\/uploads\/2024\/02\/WhatsApp-Image-2024-02-20-at-16.20.46-3-990x661-1-700x467.jpeg 700w, https:\/\/www.sudoestehoje.com.br\/novoportal\/wp-content\/uploads\/2024\/02\/WhatsApp-Image-2024-02-20-at-16.20.46-3-990x661-1-768x513.jpeg 768w, https:\/\/www.sudoestehoje.com.br\/novoportal\/wp-content\/uploads\/2024\/02\/WhatsApp-Image-2024-02-20-at-16.20.46-3-990x661-1.jpeg 990w\" sizes=\"auto, (max-width: 551px) 100vw, 551px\" \/><\/p>\n<p><strong>Na manh\u00e3 desta ter\u00e7a-feira, 20, o prefeito Rodrigo Hagge participou da cerim\u00f4nia de abertura do ano legislativo. No plen\u00e1rio da C\u00e2mara de Vereadores, Rodrigo cumpriu a determina\u00e7\u00e3o de remeter uma mensagem anual com um s\u00edntese do que foi realizado no ano de 2023 e dos planos para o ano rec\u00e9m-iniciado.<\/strong><\/p>\n<p><strong>De acordo com o prefeito, mais do que respeitar a exig\u00eancia legal, ele aproveita a \u201cfeliz oportunidade para manter um di\u00e1logo respeitoso, permanente e produtivo, como entendo que deva ser a rela\u00e7\u00e3o entre os dois Poderes, para o bem de nossa cidade e de toda a nossa gente\u201d.<\/strong><\/p>\n<p><strong>Lembrando que esta seria a \u00faltima vez \u2013 \u201cneste ciclo\u201d, ressaltou \u2013 que participaria daquela cerim\u00f4nia como prefeito municipal, antes de entregar o cargo no pr\u00f3ximo dia 01 de janeiro, Rodrigo Hagge pediu licen\u00e7a para, al\u00e9m de analisar o ano que passou, fazer uma avalia\u00e7\u00e3o criteriosa do que foi feito nos \u00faltimos sete anos.<\/strong><\/p>\n<p><strong>\u201cItapetinga hoje \u00e9, sem d\u00favidas, muito diferente do que a que encontramos em 2017. Se l\u00e1 atr\u00e1s n\u00f3s fal\u00e1vamos da necessidade de organizar a administra\u00e7\u00e3o p\u00fablica, hoje a gente fala, sem falsa mod\u00e9stia que, mais do recuperar finan\u00e7as, n\u00f3s recuperamos a autoestima da nossa popula\u00e7\u00e3o e o orgulho de sermos itapetinguenses. Se antes, viv\u00edamos em uma cidade que retrocedia e sequer tinha confiabilidade para celebrar conv\u00eanios, hoje a gente estufa o peito para falarmos de um munic\u00edpio que s\u00f3 avan\u00e7a e se destaca\u201d, disse o prefeito. <span style=\"color: #0000ff;\"><em>CONFIRA MAT\u00c9RIA COMPLETA NO PORTAL DA PREFEITURA:<\/em><\/span><\/strong><\/p>\n<p>https:\/\/itapetinga.ba.gov.br\/prefeito-rodrigo-hagge-participa-da-abertura-do-ano-legislativo-2024\/<\/p>\n","protected":false},"excerpt":{"rendered":"<p>Na manh\u00e3 desta ter\u00e7a-feira, 20, o prefeito Rodrigo Hagge participou da cerim\u00f4nia de abertura do ano legislativo. No plen\u00e1rio da C\u00e2mara de Vereadores, Rodrigo cumpriu a determina\u00e7\u00e3o de remeter uma mensagem anual com um s\u00edntese do que foi realizado no ano de 2023 e dos planos para o ano rec\u00e9m-iniciado. De acordo com o prefeito, [&hellip;]<\/p>\n","protected":false},"author":2,"featured_media":115304,"comment_status":"closed","ping_status":"open","sticky":false,"template":"","format":"standard","meta":{"footnotes":"","_links_to":"","_links_to_target":""},"categories":[1],"tags":[],"class_list":["post-115302","post","type-post","status-publish","format-standard","has-post-thumbnail","hentry","category-geral"],"views":494,"_links":{"self":[{"href":"https:\/\/www.sudoestehoje.com.br\/novoportal\/wp-json\/wp\/v2\/posts\/115302","targetHints":{"allow":["GET"]}}],"collection":[{"href":"https:\/\/www.sudoestehoje.com.br\/novoportal\/wp-json\/wp\/v2\/posts"}],"about":[{"href":"https:\/\/www.sudoestehoje.com.br\/novoportal\/wp-json\/wp\/v2\/types\/post"}],"author":[{"embeddable":true,"href":"https:\/\/www.sudoestehoje.com.br\/novoportal\/wp-json\/wp\/v2\/users\/2"}],"replies":[{"embeddable":true,"href":"https:\/\/www.sudoestehoje.com.br\/novoportal\/wp-json\/wp\/v2\/comments?post=115302"}],"version-history":[{"count":2,"href":"https:\/\/www.sudoestehoje.com.br\/novoportal\/wp-json\/wp\/v2\/posts\/115302\/revisions"}],"predecessor-version":[{"id":115305,"href":"https:\/\/www.sudoestehoje.com.br\/novoportal\/wp-json\/wp\/v2\/posts\/115302\/revisions\/115305"}],"wp:featuredmedia":[{"embeddable":true,"href":"https:\/\/www.sudoestehoje.com.br\/novoportal\/wp-json\/wp\/v2\/media\/115304"}],"wp:attachment":[{"href":"https:\/\/www.sudoestehoje.com.br\/novoportal\/wp-json\/wp\/v2\/media?parent=115302"}],"wp:term":[{"taxonomy":"category","embeddable":true,"href":"https:\/\/www.sudoestehoje.com.br\/novoportal\/wp-json\/wp\/v2\/categories?post=115302"},{"taxonomy":"post_tag","embeddable":true,"href":"https:\/\/www.sudoestehoje.com.br\/novoportal\/wp-json\/wp\/v2\/tags?post=115302"}],"curies":[{"name":"wp","href":"https:\/\/api.w.org\/{rel}","templated":true}]}}