
{"id":115296,"date":"2024-02-20T16:23:06","date_gmt":"2024-02-20T19:23:06","guid":{"rendered":"https:\/\/www.sudoestehoje.com.br\/novoportal\/?p=115296"},"modified":"2024-02-20T16:24:16","modified_gmt":"2024-02-20T19:24:16","slug":"concurso-da-adab-nao-disponibiliza-vagas-para-itapetinga-e-regiao-cargos-so-politicos","status":"publish","type":"post","link":"https:\/\/www.sudoestehoje.com.br\/novoportal\/2024\/02\/20\/concurso-da-adab-nao-disponibiliza-vagas-para-itapetinga-e-regiao-cargos-so-politicos\/","title":{"rendered":"CONCURSO DA ADAB N\u00c3O DISPONIBILIZA VAGAS PARA ITAPETINGA E REGI\u00c3O; CARGOS S\u00d3 POL\u00cdTICOS"},"content":{"rendered":"<p><img loading=\"lazy\" decoding=\"async\" class=\"alignnone wp-image-115298\" src=\"https:\/\/www.sudoestehoje.com.br\/novoportal\/wp-content\/uploads\/2024\/02\/AD9-1024x697-1-600x408.jpg\" alt=\"\" width=\"550\" height=\"374\" srcset=\"https:\/\/www.sudoestehoje.com.br\/novoportal\/wp-content\/uploads\/2024\/02\/AD9-1024x697-1-600x408.jpg 600w, https:\/\/www.sudoestehoje.com.br\/novoportal\/wp-content\/uploads\/2024\/02\/AD9-1024x697-1-700x476.jpg 700w, https:\/\/www.sudoestehoje.com.br\/novoportal\/wp-content\/uploads\/2024\/02\/AD9-1024x697-1-768x523.jpg 768w, https:\/\/www.sudoestehoje.com.br\/novoportal\/wp-content\/uploads\/2024\/02\/AD9-1024x697-1.jpg 1024w\" sizes=\"auto, (max-width: 550px) 100vw, 550px\" \/><\/p>\n<p><strong>A Funda\u00e7\u00e3o Get\u00falio Vargas abriu inscri\u00e7\u00f5es para o concurso da Ag\u00eancia de Defesa Agropecu\u00e1ria da Bahia (Adab), d0 Governo do Estado. Interessados t\u00eam at\u00e9 as 16h do dia 4 de abril para efetuar a inscri\u00e7\u00e3o, no<a href=\"https:\/\/conhecimento.fgv.br\/concursos\/adab24)\" target=\"_blank\" rel=\"noopener\">\u00a0site da FGV<\/a>. <\/strong><\/p>\n<p><strong>O certame oferece 160 vagas, sendo 120 para o cargo de Fiscal Agropecu\u00e1rio e 40 para o de T\u00e9cnico em Fiscaliza\u00e7\u00e3o Agropecu\u00e1ria. <\/strong><\/p>\n<p><strong>H\u00e1 oportunidades para munic\u00edpios da Bahia, como Itabuna, Ilh\u00e9us, Camacan e Ipia\u00fa, mas nenhuma para Itapetinga, apesar da necessidade premente por fiscais e t\u00e9cnicos.<\/strong><\/p>\n<p><strong>ABATE CLANDESTINO \u00c9 &#8216;PERMITIDO&#8217;<\/strong><\/p>\n<p><strong>A ADAB em Itapetinga, nos \u00faltimos anos, tem sido negligenciada e serve apenas de cabide de empregos para aliados do PT, al\u00e9m de n\u00e3o atuar na defesa animal, como deveria, permitindo abusos como o descumprimento de normas sanit\u00e1rias previstas na Portaria 304 do Minist\u00e9rio da Agricultura, que pro\u00edbe abate clandestino de animais.<\/strong><\/p>\n<p><strong>Maior parte dos abates na regi\u00e3o, acontecem de forma prec\u00e1ria, nas pr\u00f3prias fazendas e estradas vicinais. Em Itoror\u00f3, por exemplo, o abate clandestino \u00e9 liberado e a ADAB \u00e9 proibida de atuar, por determina\u00e7\u00e3o pol\u00edtica.<\/strong><\/p>\n<p><strong>Reda\u00e7\u00e3o SH<\/strong><\/p>\n","protected":false},"excerpt":{"rendered":"<p>A Funda\u00e7\u00e3o Get\u00falio Vargas abriu inscri\u00e7\u00f5es para o concurso da Ag\u00eancia de Defesa Agropecu\u00e1ria da Bahia (Adab), d0 Governo do Estado. Interessados t\u00eam at\u00e9 as 16h do dia 4 de abril para efetuar a inscri\u00e7\u00e3o, no\u00a0site da FGV. O certame oferece 160 vagas, sendo 120 para o cargo de Fiscal Agropecu\u00e1rio e 40 para o [&hellip;]<\/p>\n","protected":false},"author":2,"featured_media":115298,"comment_status":"closed","ping_status":"open","sticky":false,"template":"","format":"standard","meta":{"footnotes":"","_links_to":"","_links_to_target":""},"categories":[1],"tags":[],"class_list":["post-115296","post","type-post","status-publish","format-standard","has-post-thumbnail","hentry","category-geral"],"views":1722,"_links":{"self":[{"href":"https:\/\/www.sudoestehoje.com.br\/novoportal\/wp-json\/wp\/v2\/posts\/115296","targetHints":{"allow":["GET"]}}],"collection":[{"href":"https:\/\/www.sudoestehoje.com.br\/novoportal\/wp-json\/wp\/v2\/posts"}],"about":[{"href":"https:\/\/www.sudoestehoje.com.br\/novoportal\/wp-json\/wp\/v2\/types\/post"}],"author":[{"embeddable":true,"href":"https:\/\/www.sudoestehoje.com.br\/novoportal\/wp-json\/wp\/v2\/users\/2"}],"replies":[{"embeddable":true,"href":"https:\/\/www.sudoestehoje.com.br\/novoportal\/wp-json\/wp\/v2\/comments?post=115296"}],"version-history":[{"count":4,"href":"https:\/\/www.sudoestehoje.com.br\/novoportal\/wp-json\/wp\/v2\/posts\/115296\/revisions"}],"predecessor-version":[{"id":115301,"href":"https:\/\/www.sudoestehoje.com.br\/novoportal\/wp-json\/wp\/v2\/posts\/115296\/revisions\/115301"}],"wp:featuredmedia":[{"embeddable":true,"href":"https:\/\/www.sudoestehoje.com.br\/novoportal\/wp-json\/wp\/v2\/media\/115298"}],"wp:attachment":[{"href":"https:\/\/www.sudoestehoje.com.br\/novoportal\/wp-json\/wp\/v2\/media?parent=115296"}],"wp:term":[{"taxonomy":"category","embeddable":true,"href":"https:\/\/www.sudoestehoje.com.br\/novoportal\/wp-json\/wp\/v2\/categories?post=115296"},{"taxonomy":"post_tag","embeddable":true,"href":"https:\/\/www.sudoestehoje.com.br\/novoportal\/wp-json\/wp\/v2\/tags?post=115296"}],"curies":[{"name":"wp","href":"https:\/\/api.w.org\/{rel}","templated":true}]}}