
{"id":115274,"date":"2024-02-19T11:59:35","date_gmt":"2024-02-19T14:59:35","guid":{"rendered":"https:\/\/www.sudoestehoje.com.br\/novoportal\/?p=115274"},"modified":"2024-02-19T11:59:35","modified_gmt":"2024-02-19T14:59:35","slug":"lula-e-considerado-persona-non-grata-apos-comparacao-com-holocausto-nazista","status":"publish","type":"post","link":"https:\/\/www.sudoestehoje.com.br\/novoportal\/2024\/02\/19\/lula-e-considerado-persona-non-grata-apos-comparacao-com-holocausto-nazista\/","title":{"rendered":"LULA \u00c9 CONSIDERADO &#8216;PERSONA NON GRATA&#8217; AP\u00d3S COMPARA\u00c7\u00c3O COM HOLOCAUSTO NAZISTA"},"content":{"rendered":"<div id=\"chunk-f0lav\">\n<div class=\"mc-column content-text active-extra-styles \" data-block-type=\"unstyled\" data-block-weight=\"65\" data-block-id=\"2\">\n<p data-track-category=\"Link no Texto\" data-track-links=\"\"><img loading=\"lazy\" decoding=\"async\" class=\"alignnone  wp-image-115279\" src=\"https:\/\/www.sudoestehoje.com.br\/novoportal\/wp-content\/uploads\/2024\/02\/lula-israel-800x400-1-600x300.webp\" alt=\"\" width=\"550\" height=\"275\" srcset=\"https:\/\/www.sudoestehoje.com.br\/novoportal\/wp-content\/uploads\/2024\/02\/lula-israel-800x400-1-600x300.webp 600w, https:\/\/www.sudoestehoje.com.br\/novoportal\/wp-content\/uploads\/2024\/02\/lula-israel-800x400-1-700x350.webp 700w, https:\/\/www.sudoestehoje.com.br\/novoportal\/wp-content\/uploads\/2024\/02\/lula-israel-800x400-1-768x384.webp 768w, https:\/\/www.sudoestehoje.com.br\/novoportal\/wp-content\/uploads\/2024\/02\/lula-israel-800x400-1.webp 800w\" sizes=\"auto, (max-width: 550px) 100vw, 550px\" \/><\/p>\n<p class=\" content-text__container \" data-track-category=\"Link no Texto\" data-track-links=\"\"><strong>Um dia ap\u00f3s Benjamin Netanyahu, primeiro-ministro de Israel,\u00a0afirmar que vai convocar o embaixador brasileiro para &#8220;uma dura conversa de repreens\u00e3o&#8221;, o governo do pa\u00eds declarou nesta segunda-feira (19) que Luiz In\u00e1cio Lula da Silva (PT) \u00e9 uma &#8220;persona non grata&#8221;. A decis\u00e3o aconteceu depois de o presidente do Brasil comparar a\u00e7\u00f5es de Israel na Faixa de Gaza ao exterm\u00ednio de judeus na Segunda Guerra.<\/strong><\/p>\n<\/div>\n<\/div>\n<div class=\"wall protected-content\">\n<div id=\"chunk-2khnq\">\n<div class=\"mc-column content-text active-extra-styles\" data-block-type=\"raw\" data-block-weight=\"51\" data-block-id=\"4\">\n<p class=\"content-text__container\">\n<blockquote class=\"content-blockquote theme-border-color-primary-before\"><p><strong>&#8220;N\u00e3o perdoaremos e n\u00e3o esqueceremos \u2014 em meu nome e em nome dos cidad\u00e3os de Israel, informei ao Presidente Lula que ele \u00e9 uma &#8216;persona non grata&#8217; em Israel at\u00e9 que ele pe\u00e7a desculpas e se se retrate&#8221;, escreveu o ministro das Rela\u00e7\u00f5es Exteriores de Israel, Israel Katz, nas redes sociais.<\/strong><\/p><\/blockquote>\n<p><strong>O <a class=\"\" href=\"https:\/\/g1.globo.com\/mundo\/noticia\/2024\/02\/19\/entenda-o-que-e-persona-non-grata.ghtml\">termo &#8220;persona non grata&#8221; (algu\u00e9m que n\u00e3o \u00e9 bem-vindo, em tradu\u00e7\u00e3o livre)<\/a>\u00a0\u00e9 um instrumento jur\u00eddico utilizado nas rela\u00e7\u00f5es internacionais para indicar que um representante oficial estrangeiro n\u00e3o \u00e9 mais bem-vindo. O termo foi descrito no artigo 9 da Conven\u00e7\u00e3o de Viena sobre rela\u00e7\u00f5es diplom\u00e1ticas.<\/strong><\/p>\n<\/div>\n<\/div>\n<\/div>\n","protected":false},"excerpt":{"rendered":"<p>Um dia ap\u00f3s Benjamin Netanyahu, primeiro-ministro de Israel,\u00a0afirmar que vai convocar o embaixador brasileiro para &#8220;uma dura conversa de repreens\u00e3o&#8221;, o governo do pa\u00eds declarou nesta segunda-feira (19) que Luiz In\u00e1cio Lula da Silva (PT) \u00e9 uma &#8220;persona non grata&#8221;. A decis\u00e3o aconteceu depois de o presidente do Brasil comparar a\u00e7\u00f5es de Israel na Faixa [&hellip;]<\/p>\n","protected":false},"author":2,"featured_media":115279,"comment_status":"closed","ping_status":"open","sticky":false,"template":"","format":"standard","meta":{"footnotes":"","_links_to":"","_links_to_target":""},"categories":[1],"tags":[],"class_list":["post-115274","post","type-post","status-publish","format-standard","has-post-thumbnail","hentry","category-geral"],"views":544,"_links":{"self":[{"href":"https:\/\/www.sudoestehoje.com.br\/novoportal\/wp-json\/wp\/v2\/posts\/115274","targetHints":{"allow":["GET"]}}],"collection":[{"href":"https:\/\/www.sudoestehoje.com.br\/novoportal\/wp-json\/wp\/v2\/posts"}],"about":[{"href":"https:\/\/www.sudoestehoje.com.br\/novoportal\/wp-json\/wp\/v2\/types\/post"}],"author":[{"embeddable":true,"href":"https:\/\/www.sudoestehoje.com.br\/novoportal\/wp-json\/wp\/v2\/users\/2"}],"replies":[{"embeddable":true,"href":"https:\/\/www.sudoestehoje.com.br\/novoportal\/wp-json\/wp\/v2\/comments?post=115274"}],"version-history":[{"count":5,"href":"https:\/\/www.sudoestehoje.com.br\/novoportal\/wp-json\/wp\/v2\/posts\/115274\/revisions"}],"predecessor-version":[{"id":115280,"href":"https:\/\/www.sudoestehoje.com.br\/novoportal\/wp-json\/wp\/v2\/posts\/115274\/revisions\/115280"}],"wp:featuredmedia":[{"embeddable":true,"href":"https:\/\/www.sudoestehoje.com.br\/novoportal\/wp-json\/wp\/v2\/media\/115279"}],"wp:attachment":[{"href":"https:\/\/www.sudoestehoje.com.br\/novoportal\/wp-json\/wp\/v2\/media?parent=115274"}],"wp:term":[{"taxonomy":"category","embeddable":true,"href":"https:\/\/www.sudoestehoje.com.br\/novoportal\/wp-json\/wp\/v2\/categories?post=115274"},{"taxonomy":"post_tag","embeddable":true,"href":"https:\/\/www.sudoestehoje.com.br\/novoportal\/wp-json\/wp\/v2\/tags?post=115274"}],"curies":[{"name":"wp","href":"https:\/\/api.w.org\/{rel}","templated":true}]}}