
{"id":115256,"date":"2024-02-18T18:26:27","date_gmt":"2024-02-18T21:26:27","guid":{"rendered":"https:\/\/www.sudoestehoje.com.br\/novoportal\/?p=115256"},"modified":"2024-02-18T18:26:27","modified_gmt":"2024-02-18T21:26:27","slug":"regiao-vitoria-da-conquista-entre-os-23-municipios-baianos-em-epidemia-de-dengue","status":"publish","type":"post","link":"https:\/\/www.sudoestehoje.com.br\/novoportal\/2024\/02\/18\/regiao-vitoria-da-conquista-entre-os-23-municipios-baianos-em-epidemia-de-dengue\/","title":{"rendered":"REGI\u00c3O | VIT\u00d3RIA DA CONQUISTA ENTRE OS 23 MUNIC\u00cdPIOS BAIANOS EM EPIDEMIA DE DENGUE"},"content":{"rendered":"<p><img loading=\"lazy\" decoding=\"async\" class=\"alignnone  wp-image-115259\" src=\"https:\/\/www.sudoestehoje.com.br\/novoportal\/wp-content\/uploads\/2024\/02\/Vitoria-da-Conquista-foto-770x450-1-600x351.jpg\" alt=\"\" width=\"549\" height=\"321\" srcset=\"https:\/\/www.sudoestehoje.com.br\/novoportal\/wp-content\/uploads\/2024\/02\/Vitoria-da-Conquista-foto-770x450-1-600x351.jpg 600w, https:\/\/www.sudoestehoje.com.br\/novoportal\/wp-content\/uploads\/2024\/02\/Vitoria-da-Conquista-foto-770x450-1-700x409.jpg 700w, https:\/\/www.sudoestehoje.com.br\/novoportal\/wp-content\/uploads\/2024\/02\/Vitoria-da-Conquista-foto-770x450-1-768x449.jpg 768w, https:\/\/www.sudoestehoje.com.br\/novoportal\/wp-content\/uploads\/2024\/02\/Vitoria-da-Conquista-foto-770x450-1.jpg 770w\" sizes=\"auto, (max-width: 549px) 100vw, 549px\" \/><\/p>\n<p><strong>O Governo do Estado divulgou, nesta sexta-feira (16), novo balan\u00e7o sobre a infesta\u00e7\u00e3o de dengue na Bahia. Agora, s\u00e3o 23 munic\u00edpios em situa\u00e7\u00e3o de epidemia, 10 a mais do que no in\u00edcio desta semana. <\/strong><\/p>\n<p><strong>A lista inclui Anag\u00e9, Belo Campo, Bonito, Botupor\u00e3, Brej\u00f5es, Conde\u00faba, Encruzilhada, Feira da Mata, Ibiassuc\u00ea, Ibicoara e Ibitiara.<\/strong><\/p>\n<p><strong>E, ainda,\u00a0Igapor\u0101, Ipia\u00fa, Iramaia lrec\u00ea,\u00a0Jacaraci, Matina, Morro do Chap\u00e9u, Mortugaba, Novo Horizonte, Pirips, Rodelas e Vit\u00f3ria da Conquista.<\/strong><\/p>\n","protected":false},"excerpt":{"rendered":"<p>O Governo do Estado divulgou, nesta sexta-feira (16), novo balan\u00e7o sobre a infesta\u00e7\u00e3o de dengue na Bahia. Agora, s\u00e3o 23 munic\u00edpios em situa\u00e7\u00e3o de epidemia, 10 a mais do que no in\u00edcio desta semana. A lista inclui Anag\u00e9, Belo Campo, Bonito, Botupor\u00e3, Brej\u00f5es, Conde\u00faba, Encruzilhada, Feira da Mata, Ibiassuc\u00ea, Ibicoara e Ibitiara. E, ainda,\u00a0Igapor\u0101, Ipia\u00fa, [&hellip;]<\/p>\n","protected":false},"author":2,"featured_media":115259,"comment_status":"closed","ping_status":"open","sticky":false,"template":"","format":"standard","meta":{"footnotes":"","_links_to":"","_links_to_target":""},"categories":[1],"tags":[],"class_list":["post-115256","post","type-post","status-publish","format-standard","has-post-thumbnail","hentry","category-geral"],"views":775,"_links":{"self":[{"href":"https:\/\/www.sudoestehoje.com.br\/novoportal\/wp-json\/wp\/v2\/posts\/115256","targetHints":{"allow":["GET"]}}],"collection":[{"href":"https:\/\/www.sudoestehoje.com.br\/novoportal\/wp-json\/wp\/v2\/posts"}],"about":[{"href":"https:\/\/www.sudoestehoje.com.br\/novoportal\/wp-json\/wp\/v2\/types\/post"}],"author":[{"embeddable":true,"href":"https:\/\/www.sudoestehoje.com.br\/novoportal\/wp-json\/wp\/v2\/users\/2"}],"replies":[{"embeddable":true,"href":"https:\/\/www.sudoestehoje.com.br\/novoportal\/wp-json\/wp\/v2\/comments?post=115256"}],"version-history":[{"count":4,"href":"https:\/\/www.sudoestehoje.com.br\/novoportal\/wp-json\/wp\/v2\/posts\/115256\/revisions"}],"predecessor-version":[{"id":115261,"href":"https:\/\/www.sudoestehoje.com.br\/novoportal\/wp-json\/wp\/v2\/posts\/115256\/revisions\/115261"}],"wp:featuredmedia":[{"embeddable":true,"href":"https:\/\/www.sudoestehoje.com.br\/novoportal\/wp-json\/wp\/v2\/media\/115259"}],"wp:attachment":[{"href":"https:\/\/www.sudoestehoje.com.br\/novoportal\/wp-json\/wp\/v2\/media?parent=115256"}],"wp:term":[{"taxonomy":"category","embeddable":true,"href":"https:\/\/www.sudoestehoje.com.br\/novoportal\/wp-json\/wp\/v2\/categories?post=115256"},{"taxonomy":"post_tag","embeddable":true,"href":"https:\/\/www.sudoestehoje.com.br\/novoportal\/wp-json\/wp\/v2\/tags?post=115256"}],"curies":[{"name":"wp","href":"https:\/\/api.w.org\/{rel}","templated":true}]}}