
{"id":115247,"date":"2024-02-18T18:10:47","date_gmt":"2024-02-18T21:10:47","guid":{"rendered":"https:\/\/www.sudoestehoje.com.br\/novoportal\/?p=115247"},"modified":"2024-02-18T18:10:47","modified_gmt":"2024-02-18T21:10:47","slug":"temporal-abre-cratera-na-ba-001-e-rodovia-e-interditada-no-reconcavo-baiano","status":"publish","type":"post","link":"https:\/\/www.sudoestehoje.com.br\/novoportal\/2024\/02\/18\/temporal-abre-cratera-na-ba-001-e-rodovia-e-interditada-no-reconcavo-baiano\/","title":{"rendered":"TEMPORAL ABRE CRATERA NA BA-001 E RODOVIA \u00c9 INTERDITADA NO REC\u00d4NCAVO BAIANO"},"content":{"rendered":"<p><img loading=\"lazy\" decoding=\"async\" class=\"alignnone  wp-image-115254\" src=\"https:\/\/www.sudoestehoje.com.br\/novoportal\/wp-content\/uploads\/2024\/02\/187707-1157x1536-1-600x401.jpeg\" alt=\"\" width=\"551\" height=\"368\" srcset=\"https:\/\/www.sudoestehoje.com.br\/novoportal\/wp-content\/uploads\/2024\/02\/187707-1157x1536-1-600x401.jpeg 600w, https:\/\/www.sudoestehoje.com.br\/novoportal\/wp-content\/uploads\/2024\/02\/187707-1157x1536-1-700x468.jpeg 700w, https:\/\/www.sudoestehoje.com.br\/novoportal\/wp-content\/uploads\/2024\/02\/187707-1157x1536-1-768x514.jpeg 768w, https:\/\/www.sudoestehoje.com.br\/novoportal\/wp-content\/uploads\/2024\/02\/187707-1157x1536-1.jpeg 1157w\" sizes=\"auto, (max-width: 551px) 100vw, 551px\" \/><\/p>\n<p><strong>O tr\u00e1fego no trecho da BA-420, que liga Maragojipe ao distrito de S\u00e3o Roque do Paragua\u00e7u e a BA-001 est\u00e1 interrompido. A total interrup\u00e7\u00e3o ocorreu ap\u00f3s as fortes chuvas que atingiram a regi\u00e3o no s\u00e1bado (17).<\/strong><\/p>\n<p><strong>O pontilh\u00e3o sobre o Rio Cachoeirinha foi levado pela \u00e1gua. A situa\u00e7\u00e3o j\u00e1 representava um risco imediato para a seguran\u00e7a vi\u00e1ria, desde o dia 05 de fevereiro, quando parte da via cedeu.<\/strong><\/p>\n<p><strong>Por meio de nota o a Seinfra informou que o trecho est\u00e1 sendo monitorado para iniciar os servi\u00e7os no local assim que haja melhoria das condi\u00e7\u00f5es clim\u00e1ticas.\u00a0<\/strong><\/p>\n","protected":false},"excerpt":{"rendered":"<p>O tr\u00e1fego no trecho da BA-420, que liga Maragojipe ao distrito de S\u00e3o Roque do Paragua\u00e7u e a BA-001 est\u00e1 interrompido. A total interrup\u00e7\u00e3o ocorreu ap\u00f3s as fortes chuvas que atingiram a regi\u00e3o no s\u00e1bado (17). O pontilh\u00e3o sobre o Rio Cachoeirinha foi levado pela \u00e1gua. A situa\u00e7\u00e3o j\u00e1 representava um risco imediato para a [&hellip;]<\/p>\n","protected":false},"author":2,"featured_media":115254,"comment_status":"closed","ping_status":"open","sticky":false,"template":"","format":"standard","meta":{"footnotes":"","_links_to":"","_links_to_target":""},"categories":[1],"tags":[],"class_list":["post-115247","post","type-post","status-publish","format-standard","has-post-thumbnail","hentry","category-geral"],"views":795,"_links":{"self":[{"href":"https:\/\/www.sudoestehoje.com.br\/novoportal\/wp-json\/wp\/v2\/posts\/115247","targetHints":{"allow":["GET"]}}],"collection":[{"href":"https:\/\/www.sudoestehoje.com.br\/novoportal\/wp-json\/wp\/v2\/posts"}],"about":[{"href":"https:\/\/www.sudoestehoje.com.br\/novoportal\/wp-json\/wp\/v2\/types\/post"}],"author":[{"embeddable":true,"href":"https:\/\/www.sudoestehoje.com.br\/novoportal\/wp-json\/wp\/v2\/users\/2"}],"replies":[{"embeddable":true,"href":"https:\/\/www.sudoestehoje.com.br\/novoportal\/wp-json\/wp\/v2\/comments?post=115247"}],"version-history":[{"count":7,"href":"https:\/\/www.sudoestehoje.com.br\/novoportal\/wp-json\/wp\/v2\/posts\/115247\/revisions"}],"predecessor-version":[{"id":115255,"href":"https:\/\/www.sudoestehoje.com.br\/novoportal\/wp-json\/wp\/v2\/posts\/115247\/revisions\/115255"}],"wp:featuredmedia":[{"embeddable":true,"href":"https:\/\/www.sudoestehoje.com.br\/novoportal\/wp-json\/wp\/v2\/media\/115254"}],"wp:attachment":[{"href":"https:\/\/www.sudoestehoje.com.br\/novoportal\/wp-json\/wp\/v2\/media?parent=115247"}],"wp:term":[{"taxonomy":"category","embeddable":true,"href":"https:\/\/www.sudoestehoje.com.br\/novoportal\/wp-json\/wp\/v2\/categories?post=115247"},{"taxonomy":"post_tag","embeddable":true,"href":"https:\/\/www.sudoestehoje.com.br\/novoportal\/wp-json\/wp\/v2\/tags?post=115247"}],"curies":[{"name":"wp","href":"https:\/\/api.w.org\/{rel}","templated":true}]}}