
{"id":115241,"date":"2024-02-18T09:49:20","date_gmt":"2024-02-18T12:49:20","guid":{"rendered":"https:\/\/www.sudoestehoje.com.br\/novoportal\/?p=115241"},"modified":"2024-02-18T18:01:04","modified_gmt":"2024-02-18T21:01:04","slug":"eleicoes-itapetinga-e-conquista-na-mira-do-mdb-para-eleger-de-30-a-50-prefeitos","status":"publish","type":"post","link":"https:\/\/www.sudoestehoje.com.br\/novoportal\/2024\/02\/18\/eleicoes-itapetinga-e-conquista-na-mira-do-mdb-para-eleger-de-30-a-50-prefeitos\/","title":{"rendered":"ELEI\u00c7\u00d5ES | ITAPETINGA E CONQUISTA NA MIRA DO MDB PARA ELEGER DE 30 A 50 PREFEITOS"},"content":{"rendered":"<p><img loading=\"lazy\" decoding=\"async\" class=\"alignnone wp-image-115243\" src=\"https:\/\/www.sudoestehoje.com.br\/novoportal\/wp-content\/uploads\/2024\/02\/RODRIGO-E-EDUARDO-600x338-1.jpeg\" alt=\"\" width=\"550\" height=\"310\" \/><\/p>\n<p><strong>O ex-deputado federal L\u00facio Vieira Lima, um dos principais caciques do MDB baiano, aposta que o partido eleger\u00e1 de 30 a 50 prefeitos na sucess\u00e3o municipal deste ano.<\/strong><\/p>\n<blockquote><p><strong>\u201cNossa expectativa \u00e9 brigar pela terceira coloca\u00e7\u00e3o entre as legendas que v\u00e3o vencer no maior n\u00famero de cidades, atr\u00e1s do PSD e PT\u201d, afirmou o emedebista ao Metro1.<\/strong><\/p><\/blockquote>\n<p><strong>Para L\u00facio, em cidades grandes a sigla tem candidatos competitivos.<\/strong><\/p>\n<p><strong>Como Salvador (Geraldo J\u00fanior, vice-governador do estado) e<em> Vit\u00f3ria da Conquista (L\u00facia Rocha, vereadora)<\/em> e em dezenas de munic\u00edpios m\u00e9dios ou pequenos.<\/strong><\/p>\n<p><strong>Entre os quais, Serrinha, Itapetinga (Eduardo Hagge), Xique-Xique, Ibirataia, Wenceslau Guimar\u00e3es, Presidente Dutra, Vera Cruz, Mutu\u00edpe e Ubaitaba, onde o l\u00edder do partido considera ter maiores chances no atual cen\u00e1rio.<\/strong><\/p>\n","protected":false},"excerpt":{"rendered":"<p>O ex-deputado federal L\u00facio Vieira Lima, um dos principais caciques do MDB baiano, aposta que o partido eleger\u00e1 de 30 a 50 prefeitos na sucess\u00e3o municipal deste ano. \u201cNossa expectativa \u00e9 brigar pela terceira coloca\u00e7\u00e3o entre as legendas que v\u00e3o vencer no maior n\u00famero de cidades, atr\u00e1s do PSD e PT\u201d, afirmou o emedebista ao [&hellip;]<\/p>\n","protected":false},"author":2,"featured_media":115243,"comment_status":"closed","ping_status":"open","sticky":false,"template":"","format":"standard","meta":{"footnotes":"","_links_to":"","_links_to_target":""},"categories":[1],"tags":[],"class_list":["post-115241","post","type-post","status-publish","format-standard","has-post-thumbnail","hentry","category-geral"],"views":824,"_links":{"self":[{"href":"https:\/\/www.sudoestehoje.com.br\/novoportal\/wp-json\/wp\/v2\/posts\/115241","targetHints":{"allow":["GET"]}}],"collection":[{"href":"https:\/\/www.sudoestehoje.com.br\/novoportal\/wp-json\/wp\/v2\/posts"}],"about":[{"href":"https:\/\/www.sudoestehoje.com.br\/novoportal\/wp-json\/wp\/v2\/types\/post"}],"author":[{"embeddable":true,"href":"https:\/\/www.sudoestehoje.com.br\/novoportal\/wp-json\/wp\/v2\/users\/2"}],"replies":[{"embeddable":true,"href":"https:\/\/www.sudoestehoje.com.br\/novoportal\/wp-json\/wp\/v2\/comments?post=115241"}],"version-history":[{"count":4,"href":"https:\/\/www.sudoestehoje.com.br\/novoportal\/wp-json\/wp\/v2\/posts\/115241\/revisions"}],"predecessor-version":[{"id":115246,"href":"https:\/\/www.sudoestehoje.com.br\/novoportal\/wp-json\/wp\/v2\/posts\/115241\/revisions\/115246"}],"wp:featuredmedia":[{"embeddable":true,"href":"https:\/\/www.sudoestehoje.com.br\/novoportal\/wp-json\/wp\/v2\/media\/115243"}],"wp:attachment":[{"href":"https:\/\/www.sudoestehoje.com.br\/novoportal\/wp-json\/wp\/v2\/media?parent=115241"}],"wp:term":[{"taxonomy":"category","embeddable":true,"href":"https:\/\/www.sudoestehoje.com.br\/novoportal\/wp-json\/wp\/v2\/categories?post=115241"},{"taxonomy":"post_tag","embeddable":true,"href":"https:\/\/www.sudoestehoje.com.br\/novoportal\/wp-json\/wp\/v2\/tags?post=115241"}],"curies":[{"name":"wp","href":"https:\/\/api.w.org\/{rel}","templated":true}]}}