
{"id":115224,"date":"2024-02-16T18:42:46","date_gmt":"2024-02-16T21:42:46","guid":{"rendered":"https:\/\/www.sudoestehoje.com.br\/novoportal\/?p=115224"},"modified":"2024-02-16T19:13:14","modified_gmt":"2024-02-16T22:13:14","slug":"medico-itapetinguense-e-encontrado-sem-vida-em-seu-apartamento-em-salvador","status":"publish","type":"post","link":"https:\/\/www.sudoestehoje.com.br\/novoportal\/2024\/02\/16\/medico-itapetinguense-e-encontrado-sem-vida-em-seu-apartamento-em-salvador\/","title":{"rendered":"M\u00c9DICO ITAPETINGUENSE \u00c9 ENCONTRADO SEM VIDA EM SEU APARTAMENTO EM SALVADOR"},"content":{"rendered":"<p><img loading=\"lazy\" decoding=\"async\" class=\"alignnone size-full wp-image-115227\" src=\"https:\/\/www.sudoestehoje.com.br\/novoportal\/wp-content\/uploads\/2024\/02\/rafael-luto1-1.jpg\" alt=\"\" width=\"550\" height=\"330\" \/><\/p>\n<p><em><strong>O jovem m\u00e9dico itapetinguense, Rafael Fernandes, foi encontrado sem vida dentro de seu apartamento, na tarde desta sexta-feira (16), na cidade de Salvador, onde residia e trabalhava.<\/strong><\/em><\/p>\n<p><em><strong>Rafael era filho do empres\u00e1rio Ant\u00f4nio Carneiro, popularmente conhecido como &#8216;Tonhe da Farm\u00e1cia Camacan&#8217;, figura querida e respeitada pela comunidade local e regional.<\/strong><\/em><\/p>\n<p><em><strong>A not\u00edcia da morte do jovem m\u00e9dico pegou toda a comunidade local de surpresa, causando como\u00e7\u00e3o e tristeza.\u00a0Ainda n\u00e3o h\u00e1 informa\u00e7\u00f5es sobre a causa do falecimento.<\/strong><\/em><\/p>\n<p><em><strong>O Sudoeste Hoje, atrav\u00e9s do seu editor, lamenta a perda irrepar\u00e1vel do amigo Tonhe e familiares.<\/strong><\/em><\/p>\n<p><em><strong>Por Davi Ferraz<\/strong><\/em><\/p>\n","protected":false},"excerpt":{"rendered":"<p>O jovem m\u00e9dico itapetinguense, Rafael Fernandes, foi encontrado sem vida dentro de seu apartamento, na tarde desta sexta-feira (16), na cidade de Salvador, onde residia e trabalhava. Rafael era filho do empres\u00e1rio Ant\u00f4nio Carneiro, popularmente conhecido como &#8216;Tonhe da Farm\u00e1cia Camacan&#8217;, figura querida e respeitada pela comunidade local e regional. A not\u00edcia da morte do [&hellip;]<\/p>\n","protected":false},"author":2,"featured_media":115226,"comment_status":"closed","ping_status":"open","sticky":false,"template":"","format":"standard","meta":{"footnotes":"","_links_to":"","_links_to_target":""},"categories":[1],"tags":[],"class_list":["post-115224","post","type-post","status-publish","format-standard","has-post-thumbnail","hentry","category-geral"],"views":2137,"_links":{"self":[{"href":"https:\/\/www.sudoestehoje.com.br\/novoportal\/wp-json\/wp\/v2\/posts\/115224","targetHints":{"allow":["GET"]}}],"collection":[{"href":"https:\/\/www.sudoestehoje.com.br\/novoportal\/wp-json\/wp\/v2\/posts"}],"about":[{"href":"https:\/\/www.sudoestehoje.com.br\/novoportal\/wp-json\/wp\/v2\/types\/post"}],"author":[{"embeddable":true,"href":"https:\/\/www.sudoestehoje.com.br\/novoportal\/wp-json\/wp\/v2\/users\/2"}],"replies":[{"embeddable":true,"href":"https:\/\/www.sudoestehoje.com.br\/novoportal\/wp-json\/wp\/v2\/comments?post=115224"}],"version-history":[{"count":5,"href":"https:\/\/www.sudoestehoje.com.br\/novoportal\/wp-json\/wp\/v2\/posts\/115224\/revisions"}],"predecessor-version":[{"id":115231,"href":"https:\/\/www.sudoestehoje.com.br\/novoportal\/wp-json\/wp\/v2\/posts\/115224\/revisions\/115231"}],"wp:featuredmedia":[{"embeddable":true,"href":"https:\/\/www.sudoestehoje.com.br\/novoportal\/wp-json\/wp\/v2\/media\/115226"}],"wp:attachment":[{"href":"https:\/\/www.sudoestehoje.com.br\/novoportal\/wp-json\/wp\/v2\/media?parent=115224"}],"wp:term":[{"taxonomy":"category","embeddable":true,"href":"https:\/\/www.sudoestehoje.com.br\/novoportal\/wp-json\/wp\/v2\/categories?post=115224"},{"taxonomy":"post_tag","embeddable":true,"href":"https:\/\/www.sudoestehoje.com.br\/novoportal\/wp-json\/wp\/v2\/tags?post=115224"}],"curies":[{"name":"wp","href":"https:\/\/api.w.org\/{rel}","templated":true}]}}