
{"id":115213,"date":"2024-02-15T20:56:25","date_gmt":"2024-02-15T23:56:25","guid":{"rendered":"https:\/\/www.sudoestehoje.com.br\/novoportal\/?p=115213"},"modified":"2024-02-15T20:56:25","modified_gmt":"2024-02-15T23:56:25","slug":"carreta-com-carga-de-placas-solares-pega-fogo-e-trava-br-116-proximo-a-jequie","status":"publish","type":"post","link":"https:\/\/www.sudoestehoje.com.br\/novoportal\/2024\/02\/15\/carreta-com-carga-de-placas-solares-pega-fogo-e-trava-br-116-proximo-a-jequie\/","title":{"rendered":"CARRETA COM CARGA DE PLACAS SOLARES PEGA FOGO E TRAVA BR-116, PR\u00d3XIMO A JEQUI\u00c9"},"content":{"rendered":"<p><img loading=\"lazy\" decoding=\"async\" class=\"alignnone  wp-image-115217\" src=\"https:\/\/www.sudoestehoje.com.br\/novoportal\/wp-content\/uploads\/2024\/02\/IMAGEM_NOTICIA_9-1-600x315.webp\" alt=\"\" width=\"549\" height=\"288\" srcset=\"https:\/\/www.sudoestehoje.com.br\/novoportal\/wp-content\/uploads\/2024\/02\/IMAGEM_NOTICIA_9-1-600x315.webp 600w, https:\/\/www.sudoestehoje.com.br\/novoportal\/wp-content\/uploads\/2024\/02\/IMAGEM_NOTICIA_9-1-700x368.webp 700w, https:\/\/www.sudoestehoje.com.br\/novoportal\/wp-content\/uploads\/2024\/02\/IMAGEM_NOTICIA_9-1-768x403.webp 768w, https:\/\/www.sudoestehoje.com.br\/novoportal\/wp-content\/uploads\/2024\/02\/IMAGEM_NOTICIA_9-1.webp 1200w\" sizes=\"auto, (max-width: 549px) 100vw, 549px\" \/><\/p>\n<p><strong>Uma carreta pegou fogo quando trafegava em um trecho da BR-116 de\u00a0Irajuba, no Vale do Jiquiri\u00e7\u00e1. O fato ocorreu nesta quinta-feira (15) e gerou a interdi\u00e7\u00e3o total do trecho durante boa parte da manh\u00e3.<\/strong><\/p>\n<p><strong>Ainda n\u00e3o se sabe o motivo que fez a carreta, que transportava placas de energia solar, sofreu o inc\u00eandio. Apesar da situa\u00e7\u00e3o, n\u00e3o h\u00e1 relato de feridos.<\/strong><\/p>\n<p><strong>O combate ao inc\u00eandio foi feito por equipes do Corpo de Bombeiros e da Via Bahia, que administra a estrada.\u00a0<\/strong><\/p>\n","protected":false},"excerpt":{"rendered":"<p>Uma carreta pegou fogo quando trafegava em um trecho da BR-116 de\u00a0Irajuba, no Vale do Jiquiri\u00e7\u00e1. O fato ocorreu nesta quinta-feira (15) e gerou a interdi\u00e7\u00e3o total do trecho durante boa parte da manh\u00e3. Ainda n\u00e3o se sabe o motivo que fez a carreta, que transportava placas de energia solar, sofreu o inc\u00eandio. Apesar da [&hellip;]<\/p>\n","protected":false},"author":2,"featured_media":115217,"comment_status":"closed","ping_status":"open","sticky":false,"template":"","format":"standard","meta":{"footnotes":"","_links_to":"","_links_to_target":""},"categories":[1],"tags":[],"class_list":["post-115213","post","type-post","status-publish","format-standard","has-post-thumbnail","hentry","category-geral"],"views":720,"_links":{"self":[{"href":"https:\/\/www.sudoestehoje.com.br\/novoportal\/wp-json\/wp\/v2\/posts\/115213","targetHints":{"allow":["GET"]}}],"collection":[{"href":"https:\/\/www.sudoestehoje.com.br\/novoportal\/wp-json\/wp\/v2\/posts"}],"about":[{"href":"https:\/\/www.sudoestehoje.com.br\/novoportal\/wp-json\/wp\/v2\/types\/post"}],"author":[{"embeddable":true,"href":"https:\/\/www.sudoestehoje.com.br\/novoportal\/wp-json\/wp\/v2\/users\/2"}],"replies":[{"embeddable":true,"href":"https:\/\/www.sudoestehoje.com.br\/novoportal\/wp-json\/wp\/v2\/comments?post=115213"}],"version-history":[{"count":4,"href":"https:\/\/www.sudoestehoje.com.br\/novoportal\/wp-json\/wp\/v2\/posts\/115213\/revisions"}],"predecessor-version":[{"id":115218,"href":"https:\/\/www.sudoestehoje.com.br\/novoportal\/wp-json\/wp\/v2\/posts\/115213\/revisions\/115218"}],"wp:featuredmedia":[{"embeddable":true,"href":"https:\/\/www.sudoestehoje.com.br\/novoportal\/wp-json\/wp\/v2\/media\/115217"}],"wp:attachment":[{"href":"https:\/\/www.sudoestehoje.com.br\/novoportal\/wp-json\/wp\/v2\/media?parent=115213"}],"wp:term":[{"taxonomy":"category","embeddable":true,"href":"https:\/\/www.sudoestehoje.com.br\/novoportal\/wp-json\/wp\/v2\/categories?post=115213"},{"taxonomy":"post_tag","embeddable":true,"href":"https:\/\/www.sudoestehoje.com.br\/novoportal\/wp-json\/wp\/v2\/tags?post=115213"}],"curies":[{"name":"wp","href":"https:\/\/api.w.org\/{rel}","templated":true}]}}