
{"id":115203,"date":"2024-02-15T17:40:27","date_gmt":"2024-02-15T20:40:27","guid":{"rendered":"https:\/\/www.sudoestehoje.com.br\/novoportal\/?p=115203"},"modified":"2024-02-15T17:40:27","modified_gmt":"2024-02-15T20:40:27","slug":"itapetinga-secretaria-de-educacao-realiza-jornada-pedagogica-2024-no-campus-da-uesb","status":"publish","type":"post","link":"https:\/\/www.sudoestehoje.com.br\/novoportal\/2024\/02\/15\/itapetinga-secretaria-de-educacao-realiza-jornada-pedagogica-2024-no-campus-da-uesb\/","title":{"rendered":"ITAPETINGA | SECRETARIA DE EDUCA\u00c7\u00c3O REALIZA JORNADA PEDAG\u00d3GICA 2024 NO CAMPUS DA UESB"},"content":{"rendered":"<p><img loading=\"lazy\" decoding=\"async\" class=\"alignnone  wp-image-115205\" src=\"https:\/\/www.sudoestehoje.com.br\/novoportal\/wp-content\/uploads\/2024\/02\/WhatsApp-Image-2024-02-15-at-16.02.24-3-990x661-1-600x401.jpeg\" alt=\"\" width=\"551\" height=\"368\" srcset=\"https:\/\/www.sudoestehoje.com.br\/novoportal\/wp-content\/uploads\/2024\/02\/WhatsApp-Image-2024-02-15-at-16.02.24-3-990x661-1-600x401.jpeg 600w, https:\/\/www.sudoestehoje.com.br\/novoportal\/wp-content\/uploads\/2024\/02\/WhatsApp-Image-2024-02-15-at-16.02.24-3-990x661-1-700x467.jpeg 700w, https:\/\/www.sudoestehoje.com.br\/novoportal\/wp-content\/uploads\/2024\/02\/WhatsApp-Image-2024-02-15-at-16.02.24-3-990x661-1-768x513.jpeg 768w, https:\/\/www.sudoestehoje.com.br\/novoportal\/wp-content\/uploads\/2024\/02\/WhatsApp-Image-2024-02-15-at-16.02.24-3-990x661-1.jpeg 990w\" sizes=\"auto, (max-width: 551px) 100vw, 551px\" \/><\/p>\n<p><strong>Nesta quinta-feira, 15, os profissionais da rede municipal de ensino se reuniram do audit\u00f3rio da Uesb para darem in\u00edcio a mais um ano letivo. O tema \u2018\u2018Alfabetiza\u00e7\u00e3o e Letramento, responsabilidade de todos\u2019\u2019 foi escolhido pensando que n\u00e3o se constr\u00f3i um munic\u00edpio verdadeiramente educador sem formar estudantes com total dom\u00ednio da leitura e da escrita e do entendimento sobre elas. <em>Confira mat\u00e9ria completa:<\/em><\/strong><\/p>\n<p>https:\/\/itapetinga.ba.gov.br\/jornada-pedagogica-debate-alfabetizacao-e-letramento\/<\/p>\n","protected":false},"excerpt":{"rendered":"<p>Nesta quinta-feira, 15, os profissionais da rede municipal de ensino se reuniram do audit\u00f3rio da Uesb para darem in\u00edcio a mais um ano letivo. O tema \u2018\u2018Alfabetiza\u00e7\u00e3o e Letramento, responsabilidade de todos\u2019\u2019 foi escolhido pensando que n\u00e3o se constr\u00f3i um munic\u00edpio verdadeiramente educador sem formar estudantes com total dom\u00ednio da leitura e da escrita e [&hellip;]<\/p>\n","protected":false},"author":2,"featured_media":115205,"comment_status":"closed","ping_status":"open","sticky":false,"template":"","format":"standard","meta":{"footnotes":"","_links_to":"","_links_to_target":""},"categories":[1],"tags":[],"class_list":["post-115203","post","type-post","status-publish","format-standard","has-post-thumbnail","hentry","category-geral"],"views":638,"_links":{"self":[{"href":"https:\/\/www.sudoestehoje.com.br\/novoportal\/wp-json\/wp\/v2\/posts\/115203","targetHints":{"allow":["GET"]}}],"collection":[{"href":"https:\/\/www.sudoestehoje.com.br\/novoportal\/wp-json\/wp\/v2\/posts"}],"about":[{"href":"https:\/\/www.sudoestehoje.com.br\/novoportal\/wp-json\/wp\/v2\/types\/post"}],"author":[{"embeddable":true,"href":"https:\/\/www.sudoestehoje.com.br\/novoportal\/wp-json\/wp\/v2\/users\/2"}],"replies":[{"embeddable":true,"href":"https:\/\/www.sudoestehoje.com.br\/novoportal\/wp-json\/wp\/v2\/comments?post=115203"}],"version-history":[{"count":2,"href":"https:\/\/www.sudoestehoje.com.br\/novoportal\/wp-json\/wp\/v2\/posts\/115203\/revisions"}],"predecessor-version":[{"id":115206,"href":"https:\/\/www.sudoestehoje.com.br\/novoportal\/wp-json\/wp\/v2\/posts\/115203\/revisions\/115206"}],"wp:featuredmedia":[{"embeddable":true,"href":"https:\/\/www.sudoestehoje.com.br\/novoportal\/wp-json\/wp\/v2\/media\/115205"}],"wp:attachment":[{"href":"https:\/\/www.sudoestehoje.com.br\/novoportal\/wp-json\/wp\/v2\/media?parent=115203"}],"wp:term":[{"taxonomy":"category","embeddable":true,"href":"https:\/\/www.sudoestehoje.com.br\/novoportal\/wp-json\/wp\/v2\/categories?post=115203"},{"taxonomy":"post_tag","embeddable":true,"href":"https:\/\/www.sudoestehoje.com.br\/novoportal\/wp-json\/wp\/v2\/tags?post=115203"}],"curies":[{"name":"wp","href":"https:\/\/api.w.org\/{rel}","templated":true}]}}