
{"id":115195,"date":"2024-02-15T17:25:14","date_gmt":"2024-02-15T20:25:14","guid":{"rendered":"https:\/\/www.sudoestehoje.com.br\/novoportal\/?p=115195"},"modified":"2024-02-15T17:27:38","modified_gmt":"2024-02-15T20:27:38","slug":"prefeitura-de-itapetinga-presta-contas-do-3o-quadrienio-de-2023-em-audiencia-publica","status":"publish","type":"post","link":"https:\/\/www.sudoestehoje.com.br\/novoportal\/2024\/02\/15\/prefeitura-de-itapetinga-presta-contas-do-3o-quadrienio-de-2023-em-audiencia-publica\/","title":{"rendered":"PREFEITURA DE ITAPETINGA PRESTA CONTAS DO 3\u00ba QUADRI\u00caNIO DE 2023 EM AUDI\u00caNCIA P\u00daBLICA"},"content":{"rendered":"<p><img loading=\"lazy\" decoding=\"async\" class=\"alignnone wp-image-115197\" src=\"https:\/\/www.sudoestehoje.com.br\/novoportal\/wp-content\/uploads\/2024\/02\/deef9637-44a2-4df5-b8d7-efb63ea56152-600x307.jpg\" alt=\"\" width=\"553\" height=\"283\" srcset=\"https:\/\/www.sudoestehoje.com.br\/novoportal\/wp-content\/uploads\/2024\/02\/deef9637-44a2-4df5-b8d7-efb63ea56152-600x307.jpg 600w, https:\/\/www.sudoestehoje.com.br\/novoportal\/wp-content\/uploads\/2024\/02\/deef9637-44a2-4df5-b8d7-efb63ea56152-700x358.jpg 700w, https:\/\/www.sudoestehoje.com.br\/novoportal\/wp-content\/uploads\/2024\/02\/deef9637-44a2-4df5-b8d7-efb63ea56152-768x392.jpg 768w, https:\/\/www.sudoestehoje.com.br\/novoportal\/wp-content\/uploads\/2024\/02\/deef9637-44a2-4df5-b8d7-efb63ea56152.jpg 1280w\" sizes=\"auto, (max-width: 553px) 100vw, 553px\" \/><\/p>\n<p><strong>Nesta quinta-feira (15), a Prefeitura Municipal de Itapetinga realizou AUDI\u00caNCIA P\u00daBLICA para demonstrar e avaliar a execu\u00e7\u00e3o das metas fiscais do 3\u00ba quadrimestre do ano de 2023.<\/strong><\/p>\n<p><strong>A audi\u00eancia aconteceu no audit\u00f3rio da C\u00e2mara Municipal de Itapetinga e contou com a participa\u00e7\u00e3o de servidores das \u00e1reas fiscal, financeira, controle interno e secret\u00e1rios do governo municipal, al\u00e9m de autoridades e moradores do munic\u00edpio.<\/strong><\/p>\n<p><strong>Ao Sudoeste Hoje, o secret\u00e1rio municipal de finan\u00e7as, Carlito Ferraz, lembrou que a presta\u00e7\u00e3o de contas em audi\u00eancia p\u00fablica \u00e9 um imperativo legal e que o munic\u00edpio segue \u00e0 risca essas recomenda\u00e7\u00f5es e obriga\u00e7\u00f5es previstas na Lei de Responsabilidade Fiscal. \/\/Reda\u00e7\u00e3o SH\u00a0<\/strong><\/p>\n\n\t\t<style type=\"text\/css\">\n\t\t\t#gallery-1 {\n\t\t\t\tmargin: auto;\n\t\t\t}\n\t\t\t#gallery-1 .gallery-item {\n\t\t\t\tfloat: left;\n\t\t\t\tmargin-top: 10px;\n\t\t\t\ttext-align: center;\n\t\t\t\twidth: 33%;\n\t\t\t}\n\t\t\t#gallery-1 img {\n\t\t\t\tborder: 2px solid #cfcfcf;\n\t\t\t}\n\t\t\t#gallery-1 .gallery-caption {\n\t\t\t\tmargin-left: 0;\n\t\t\t}\n\t\t\t\/* see gallery_shortcode() in wp-includes\/media.php *\/\n\t\t<\/style>\n\t\t<div id='gallery-1' class='gallery galleryid-115195 gallery-columns-3 gallery-size-thumbnail'><dl class='gallery-item'>\n\t\t\t<dt class='gallery-icon landscape'>\n\t\t\t\t<a href='https:\/\/www.sudoestehoje.com.br\/novoportal\/2024\/02\/15\/prefeitura-de-itapetinga-presta-contas-do-3o-quadrienio-de-2023-em-audiencia-publica\/whatsapp-image-2024-02-15-at-12-05-46\/'><img loading=\"lazy\" decoding=\"async\" width=\"150\" height=\"150\" src=\"https:\/\/www.sudoestehoje.com.br\/novoportal\/wp-content\/uploads\/2024\/02\/WhatsApp-Image-2024-02-15-at-12.05.46-150x150.jpeg\" class=\"attachment-thumbnail size-thumbnail\" alt=\"\" \/><\/a>\n\t\t\t<\/dt><\/dl><dl class='gallery-item'>\n\t\t\t<dt class='gallery-icon landscape'>\n\t\t\t\t<a href='https:\/\/www.sudoestehoje.com.br\/novoportal\/2024\/02\/15\/prefeitura-de-itapetinga-presta-contas-do-3o-quadrienio-de-2023-em-audiencia-publica\/whatsapp-image-2024-02-15-at-12-06-46\/'><img loading=\"lazy\" decoding=\"async\" width=\"150\" height=\"150\" src=\"https:\/\/www.sudoestehoje.com.br\/novoportal\/wp-content\/uploads\/2024\/02\/WhatsApp-Image-2024-02-15-at-12.06.46-150x150.jpeg\" class=\"attachment-thumbnail size-thumbnail\" alt=\"\" \/><\/a>\n\t\t\t<\/dt><\/dl><dl class='gallery-item'>\n\t\t\t<dt class='gallery-icon landscape'>\n\t\t\t\t<a href='https:\/\/www.sudoestehoje.com.br\/novoportal\/2024\/02\/15\/prefeitura-de-itapetinga-presta-contas-do-3o-quadrienio-de-2023-em-audiencia-publica\/whatsapp-image-2024-02-15-at-12-07-13\/'><img loading=\"lazy\" decoding=\"async\" width=\"150\" height=\"150\" src=\"https:\/\/www.sudoestehoje.com.br\/novoportal\/wp-content\/uploads\/2024\/02\/WhatsApp-Image-2024-02-15-at-12.07.13-150x150.jpeg\" class=\"attachment-thumbnail size-thumbnail\" alt=\"\" \/><\/a>\n\t\t\t<\/dt><\/dl><br style=\"clear: both\" \/>\n\t\t<\/div>\n\n","protected":false},"excerpt":{"rendered":"<p>Nesta quinta-feira (15), a Prefeitura Municipal de Itapetinga realizou AUDI\u00caNCIA P\u00daBLICA para demonstrar e avaliar a execu\u00e7\u00e3o das metas fiscais do 3\u00ba quadrimestre do ano de 2023. A audi\u00eancia aconteceu no audit\u00f3rio da C\u00e2mara Municipal de Itapetinga e contou com a participa\u00e7\u00e3o de servidores das \u00e1reas fiscal, financeira, controle interno e secret\u00e1rios do governo municipal, [&hellip;]<\/p>\n","protected":false},"author":2,"featured_media":115197,"comment_status":"closed","ping_status":"open","sticky":false,"template":"","format":"standard","meta":{"footnotes":"","_links_to":"","_links_to_target":""},"categories":[1],"tags":[],"class_list":["post-115195","post","type-post","status-publish","format-standard","has-post-thumbnail","hentry","category-geral"],"views":564,"_links":{"self":[{"href":"https:\/\/www.sudoestehoje.com.br\/novoportal\/wp-json\/wp\/v2\/posts\/115195","targetHints":{"allow":["GET"]}}],"collection":[{"href":"https:\/\/www.sudoestehoje.com.br\/novoportal\/wp-json\/wp\/v2\/posts"}],"about":[{"href":"https:\/\/www.sudoestehoje.com.br\/novoportal\/wp-json\/wp\/v2\/types\/post"}],"author":[{"embeddable":true,"href":"https:\/\/www.sudoestehoje.com.br\/novoportal\/wp-json\/wp\/v2\/users\/2"}],"replies":[{"embeddable":true,"href":"https:\/\/www.sudoestehoje.com.br\/novoportal\/wp-json\/wp\/v2\/comments?post=115195"}],"version-history":[{"count":3,"href":"https:\/\/www.sudoestehoje.com.br\/novoportal\/wp-json\/wp\/v2\/posts\/115195\/revisions"}],"predecessor-version":[{"id":115202,"href":"https:\/\/www.sudoestehoje.com.br\/novoportal\/wp-json\/wp\/v2\/posts\/115195\/revisions\/115202"}],"wp:featuredmedia":[{"embeddable":true,"href":"https:\/\/www.sudoestehoje.com.br\/novoportal\/wp-json\/wp\/v2\/media\/115197"}],"wp:attachment":[{"href":"https:\/\/www.sudoestehoje.com.br\/novoportal\/wp-json\/wp\/v2\/media?parent=115195"}],"wp:term":[{"taxonomy":"category","embeddable":true,"href":"https:\/\/www.sudoestehoje.com.br\/novoportal\/wp-json\/wp\/v2\/categories?post=115195"},{"taxonomy":"post_tag","embeddable":true,"href":"https:\/\/www.sudoestehoje.com.br\/novoportal\/wp-json\/wp\/v2\/tags?post=115195"}],"curies":[{"name":"wp","href":"https:\/\/api.w.org\/{rel}","templated":true}]}}