
{"id":115191,"date":"2024-02-15T10:16:41","date_gmt":"2024-02-15T13:16:41","guid":{"rendered":"https:\/\/www.sudoestehoje.com.br\/novoportal\/?p=115191"},"modified":"2024-02-15T10:16:41","modified_gmt":"2024-02-15T13:16:41","slug":"o-sol-volta-a-brilhar-na-capital-baiana-da-pecuaria-apos-periodo-chuvoso","status":"publish","type":"post","link":"https:\/\/www.sudoestehoje.com.br\/novoportal\/2024\/02\/15\/o-sol-volta-a-brilhar-na-capital-baiana-da-pecuaria-apos-periodo-chuvoso\/","title":{"rendered":"O SOL VOLTA A BRILHAR NA &#8216;CAPITAL BAIANA DA PECU\u00c1RIA&#8217;, AP\u00d3S PER\u00cdODO CHUVOSO"},"content":{"rendered":"<p><img loading=\"lazy\" decoding=\"async\" class=\"alignnone  wp-image-115193\" src=\"https:\/\/www.sudoestehoje.com.br\/novoportal\/wp-content\/uploads\/2024\/02\/38d5d0bd-b824-46f8-9b67-cade99af42a4-600x338.jpg\" alt=\"\" width=\"550\" height=\"310\" srcset=\"https:\/\/www.sudoestehoje.com.br\/novoportal\/wp-content\/uploads\/2024\/02\/38d5d0bd-b824-46f8-9b67-cade99af42a4-600x338.jpg 600w, https:\/\/www.sudoestehoje.com.br\/novoportal\/wp-content\/uploads\/2024\/02\/38d5d0bd-b824-46f8-9b67-cade99af42a4-700x394.jpg 700w, https:\/\/www.sudoestehoje.com.br\/novoportal\/wp-content\/uploads\/2024\/02\/38d5d0bd-b824-46f8-9b67-cade99af42a4-768x432.jpg 768w, https:\/\/www.sudoestehoje.com.br\/novoportal\/wp-content\/uploads\/2024\/02\/38d5d0bd-b824-46f8-9b67-cade99af42a4-1536x865.jpg 1536w, https:\/\/www.sudoestehoje.com.br\/novoportal\/wp-content\/uploads\/2024\/02\/38d5d0bd-b824-46f8-9b67-cade99af42a4.jpg 1600w\" sizes=\"auto, (max-width: 550px) 100vw, 550px\" \/><\/p>\n<p><strong>Ap\u00f3s per\u00edodo de muitas chuvas, o sol voltou a brilhar em Itapetinga, cidade do M\u00e9dio Sudoeste conhecida como a &#8216;Capital da Pecu\u00e1ria Baiana&#8217;.<\/strong><\/p>\n<p><strong>O per\u00edodo chuvoso durante este m\u00eas de fevereiro trouxe al\u00edvio \u00e0 popula\u00e7\u00e3o e aos produtores rurais, que em 2023 vinham sofrendo com o forte calor e seca na zona rural, prejudicando a produ\u00e7\u00e3o agropecu\u00e1ria local e regional.<\/strong><\/p>\n<p><strong>Apesar do tempo aberto, ainda h\u00e1 previs\u00e3o de chuvas r\u00e1pidas no decorrer da semana. \/\/SH\u00a0<\/strong><\/p>\n","protected":false},"excerpt":{"rendered":"<p>Ap\u00f3s per\u00edodo de muitas chuvas, o sol voltou a brilhar em Itapetinga, cidade do M\u00e9dio Sudoeste conhecida como a &#8216;Capital da Pecu\u00e1ria Baiana&#8217;. O per\u00edodo chuvoso durante este m\u00eas de fevereiro trouxe al\u00edvio \u00e0 popula\u00e7\u00e3o e aos produtores rurais, que em 2023 vinham sofrendo com o forte calor e seca na zona rural, prejudicando a [&hellip;]<\/p>\n","protected":false},"author":2,"featured_media":115193,"comment_status":"closed","ping_status":"open","sticky":false,"template":"","format":"standard","meta":{"footnotes":"","_links_to":"","_links_to_target":""},"categories":[1],"tags":[],"class_list":["post-115191","post","type-post","status-publish","format-standard","has-post-thumbnail","hentry","category-geral"],"views":806,"_links":{"self":[{"href":"https:\/\/www.sudoestehoje.com.br\/novoportal\/wp-json\/wp\/v2\/posts\/115191","targetHints":{"allow":["GET"]}}],"collection":[{"href":"https:\/\/www.sudoestehoje.com.br\/novoportal\/wp-json\/wp\/v2\/posts"}],"about":[{"href":"https:\/\/www.sudoestehoje.com.br\/novoportal\/wp-json\/wp\/v2\/types\/post"}],"author":[{"embeddable":true,"href":"https:\/\/www.sudoestehoje.com.br\/novoportal\/wp-json\/wp\/v2\/users\/2"}],"replies":[{"embeddable":true,"href":"https:\/\/www.sudoestehoje.com.br\/novoportal\/wp-json\/wp\/v2\/comments?post=115191"}],"version-history":[{"count":2,"href":"https:\/\/www.sudoestehoje.com.br\/novoportal\/wp-json\/wp\/v2\/posts\/115191\/revisions"}],"predecessor-version":[{"id":115194,"href":"https:\/\/www.sudoestehoje.com.br\/novoportal\/wp-json\/wp\/v2\/posts\/115191\/revisions\/115194"}],"wp:featuredmedia":[{"embeddable":true,"href":"https:\/\/www.sudoestehoje.com.br\/novoportal\/wp-json\/wp\/v2\/media\/115193"}],"wp:attachment":[{"href":"https:\/\/www.sudoestehoje.com.br\/novoportal\/wp-json\/wp\/v2\/media?parent=115191"}],"wp:term":[{"taxonomy":"category","embeddable":true,"href":"https:\/\/www.sudoestehoje.com.br\/novoportal\/wp-json\/wp\/v2\/categories?post=115191"},{"taxonomy":"post_tag","embeddable":true,"href":"https:\/\/www.sudoestehoje.com.br\/novoportal\/wp-json\/wp\/v2\/tags?post=115191"}],"curies":[{"name":"wp","href":"https:\/\/api.w.org\/{rel}","templated":true}]}}