
{"id":11518,"date":"2011-12-26T16:40:46","date_gmt":"2011-12-26T19:40:46","guid":{"rendered":"http:\/\/www.sudoestehoje.com.br\/novoportal\/?p=11518"},"modified":"2011-12-26T16:40:46","modified_gmt":"2011-12-26T19:40:46","slug":"cidade-desarrumada","status":"publish","type":"post","link":"https:\/\/www.sudoestehoje.com.br\/novoportal\/2011\/12\/26\/cidade-desarrumada\/","title":{"rendered":"CIDADE DESARRUMADA"},"content":{"rendered":"<p style=\"text-align: center;\"><img decoding=\"async\" class=\"aligncenter\" src=\"http:\/\/4.bp.blogspot.com\/-UVLNOYIaCIQ\/Tbf554Kfr5I\/AAAAAAAAALc\/FidCWQkBCYA\/s1600\/NA+BRONCA.jpg\" alt=\"\" width=\"500\" \/><\/p>\n<p>A popula\u00e7\u00e3o de Itapetinga est\u00e1 na bronca com a desordem que se alastra pela cidade. Tr\u00e2nsito desorganizado, servidores da sa\u00fade que n\u00e3o trabalham, polui\u00e7\u00e3o do ar, polui\u00e7\u00e3o sonora, invas\u00e3o das cal\u00e7adas e das ruas por comerciantes, mesas de bares e camel\u00f4s, s\u00e3o alvos de cr\u00edtica e a popula\u00e7\u00e3o apela para as autoridades. Est\u00e1 na hora do Minist\u00e9rio P\u00fablico acordar! Vejam as &#8216;broncas&#8217; dos nossos internautas.<\/p>\n<p><em>&#8220;As unidades de Sa\u00fade da Fam\u00edlia de Itapetinga est\u00e3o sofrendo com o descaso dos profissionais de n\u00edvel superior, principalmente os aprovados no \u00faltimo concurso municipal. Eles deveriam cumprir uma carga hor\u00e1ria de 8 horas di\u00e1rias, mas isto n\u00e3o tem acontecido. Se chegar a 4 horas, \u00e9 muito. Um exemplo claro s\u00e3o os profissionais do posto do bairro Primavera, que por residirem fora daqui, chegam tarde e saem cedo. A enfermeira chega \u00e0s 9 da manh\u00e3 e sai \u00e0s 3 da tarde,com duas horas de almo\u00e7o. Aonde vamos parar?&#8221;<\/em><\/p>\n<p><em> <\/em><\/p>\n<p><em>&#8220;Davi, pelo amor de deus algu\u00e9m tem que dar um jeito nesse bar do Nelson, eles colocam as mesas no meio da rua, ningu\u00e9m pode passar, a gente n\u00e3o consegue dormir com o barulho todos os dias. Meninas tudo menores de idade ficam embriagadas falando pornografias e \u00e9 muita bagun\u00e7a. Parece que ningu\u00e9m vai resolver essa situa\u00e7\u00e3o. N\u00f3s moradores estamos pedindo socorro ao promotor Jos\u00e9 Junseira, isso j\u00e1 passou dos limites.&#8221;<\/em><\/p>\n<p><em> <\/em><\/p>\n<p><em>&#8220;Eu ultimamente e metade da cidade estamos aterrorizados, com um fato muito estranho e infecto, quem tem polu\u00eddo fedorentamente os ares da cidade, um fedor de magnitude insuport\u00e1vel, feixe as janelas e portas, e compre um bom ar, porque a Fabrica de sab\u00e3o est\u00e1 a \u2018jorrar\u2019 o seu mau cheiro pelo ar. Eu e toda a popula\u00e7\u00e3o pedimos provid\u00eancia ou teremos que dormir com prendedor de nariz.&#8221;<\/em><\/p>\n<p><em> <\/em><\/p>\n<p><em>&#8220;Amigo Davi, parab\u00e9ns pela mat\u00e9ria, \u00e9 um servi\u00e7o muito grande prestado \u00e0 comunidade, esse tipo de reportagem. Aproveitando essa mat\u00e9ria, amanh\u00e3 o promotor de justi\u00e7a&#8230; estar\u00e1 ao vivo na r\u00e1dio Fascina\u00e7\u00e3o, vamos ligar para ele para sabermos porque o mesmo n\u00e3o fiscaliza essa mau cheiro na cidade. Segundo se comenta porque \u00e9 de um grande empres\u00e1rio, e porque n\u00e3o fiscaliza essa polui\u00e7\u00e3o sonora nas portas das lojas, principalmente estes comerciantes de Feira de Santana, que t\u00eam v\u00e1rias D20 e carros pequenos com sons em altos volumes? E essas lojas ocupando os passeios da cidade, principalmente uma ao lado de BETO TINTAS, que ningu\u00e9m pode passar? Autoridades, vamos trabalhar.&#8221;<\/em><\/p>\n<p><em><strong>Da REDA\u00c7\u00c3O<\/strong><\/em><\/p>\n","protected":false},"excerpt":{"rendered":"<p>A popula\u00e7\u00e3o de Itapetinga est\u00e1 na bronca com a desordem que se alastra pela cidade. Tr\u00e2nsito desorganizado, servidores da sa\u00fade que n\u00e3o trabalham, polui\u00e7\u00e3o do ar, polui\u00e7\u00e3o sonora, invas\u00e3o das cal\u00e7adas e das ruas por comerciantes, mesas de bares e camel\u00f4s, s\u00e3o alvos de cr\u00edtica e a popula\u00e7\u00e3o apela para as autoridades. Est\u00e1 na hora [&hellip;]<\/p>\n","protected":false},"author":2,"featured_media":0,"comment_status":"open","ping_status":"open","sticky":false,"template":"","format":"standard","meta":{"footnotes":"","_links_to":"","_links_to_target":""},"categories":[1],"tags":[],"class_list":["post-11518","post","type-post","status-publish","format-standard","hentry","category-geral"],"views":1425,"_links":{"self":[{"href":"https:\/\/www.sudoestehoje.com.br\/novoportal\/wp-json\/wp\/v2\/posts\/11518","targetHints":{"allow":["GET"]}}],"collection":[{"href":"https:\/\/www.sudoestehoje.com.br\/novoportal\/wp-json\/wp\/v2\/posts"}],"about":[{"href":"https:\/\/www.sudoestehoje.com.br\/novoportal\/wp-json\/wp\/v2\/types\/post"}],"author":[{"embeddable":true,"href":"https:\/\/www.sudoestehoje.com.br\/novoportal\/wp-json\/wp\/v2\/users\/2"}],"replies":[{"embeddable":true,"href":"https:\/\/www.sudoestehoje.com.br\/novoportal\/wp-json\/wp\/v2\/comments?post=11518"}],"version-history":[{"count":3,"href":"https:\/\/www.sudoestehoje.com.br\/novoportal\/wp-json\/wp\/v2\/posts\/11518\/revisions"}],"predecessor-version":[{"id":11521,"href":"https:\/\/www.sudoestehoje.com.br\/novoportal\/wp-json\/wp\/v2\/posts\/11518\/revisions\/11521"}],"wp:attachment":[{"href":"https:\/\/www.sudoestehoje.com.br\/novoportal\/wp-json\/wp\/v2\/media?parent=11518"}],"wp:term":[{"taxonomy":"category","embeddable":true,"href":"https:\/\/www.sudoestehoje.com.br\/novoportal\/wp-json\/wp\/v2\/categories?post=11518"},{"taxonomy":"post_tag","embeddable":true,"href":"https:\/\/www.sudoestehoje.com.br\/novoportal\/wp-json\/wp\/v2\/tags?post=11518"}],"curies":[{"name":"wp","href":"https:\/\/api.w.org\/{rel}","templated":true}]}}