
{"id":115150,"date":"2024-02-14T13:05:34","date_gmt":"2024-02-14T16:05:34","guid":{"rendered":"https:\/\/www.sudoestehoje.com.br\/novoportal\/?p=115150"},"modified":"2024-02-14T13:43:43","modified_gmt":"2024-02-14T16:43:43","slug":"itapetinga-chora-a-morte-tragica-de-george-em-acidente-na-br-101-nesta-terca","status":"publish","type":"post","link":"https:\/\/www.sudoestehoje.com.br\/novoportal\/2024\/02\/14\/itapetinga-chora-a-morte-tragica-de-george-em-acidente-na-br-101-nesta-terca\/","title":{"rendered":"ITAPETINGA CHORA A MORTE TR\u00c1GICA DE GEORGE EM ACIDENTE NA BR-101, NESTA TER\u00c7A"},"content":{"rendered":"<p><img loading=\"lazy\" decoding=\"async\" class=\"alignnone wp-image-115152\" src=\"https:\/\/www.sudoestehoje.com.br\/novoportal\/wp-content\/uploads\/2024\/02\/acidente-ventania-morte05-600x338.jpg\" alt=\"\" width=\"549\" height=\"309\" srcset=\"https:\/\/www.sudoestehoje.com.br\/novoportal\/wp-content\/uploads\/2024\/02\/acidente-ventania-morte05-600x338.jpg 600w, https:\/\/www.sudoestehoje.com.br\/novoportal\/wp-content\/uploads\/2024\/02\/acidente-ventania-morte05-700x394.jpg 700w, https:\/\/www.sudoestehoje.com.br\/novoportal\/wp-content\/uploads\/2024\/02\/acidente-ventania-morte05-768x432.jpg 768w, https:\/\/www.sudoestehoje.com.br\/novoportal\/wp-content\/uploads\/2024\/02\/acidente-ventania-morte05.jpg 1024w\" sizes=\"auto, (max-width: 549px) 100vw, 549px\" \/><\/p>\n<p><strong>Um tr\u00e1gico acidente abalou a regi\u00e3o de Itapebi, na manh\u00e3 desta ter\u00e7a-feira (13), deixando uma pessoa morta e outra gravemente ferida. <\/strong><\/p>\n<p><strong>George Costa Pereira, de 45 anos, morador de Itapetinga, sudoeste baiano, perdeu a vida no local do acidente, ap\u00f3s a carreta ba\u00fa que conduzia sair da pista e tombar no trecho do km 654 da BR-101, pr\u00f3ximo ao distrito de Ventania, munic\u00edpio de Itapebi, por volta das 6h30.<\/strong><\/p>\n<p><img loading=\"lazy\" decoding=\"async\" class=\"alignnone wp-image-115154\" src=\"https:\/\/www.sudoestehoje.com.br\/novoportal\/wp-content\/uploads\/2024\/02\/8a48a187-fc37-466d-88cb-74a19e0616c2-600x477.jpg\" alt=\"\" width=\"550\" height=\"437\" srcset=\"https:\/\/www.sudoestehoje.com.br\/novoportal\/wp-content\/uploads\/2024\/02\/8a48a187-fc37-466d-88cb-74a19e0616c2-600x477.jpg 600w, https:\/\/www.sudoestehoje.com.br\/novoportal\/wp-content\/uploads\/2024\/02\/8a48a187-fc37-466d-88cb-74a19e0616c2-700x556.jpg 700w, https:\/\/www.sudoestehoje.com.br\/novoportal\/wp-content\/uploads\/2024\/02\/8a48a187-fc37-466d-88cb-74a19e0616c2-768x610.jpg 768w, https:\/\/www.sudoestehoje.com.br\/novoportal\/wp-content\/uploads\/2024\/02\/8a48a187-fc37-466d-88cb-74a19e0616c2.jpg 1064w\" sizes=\"auto, (max-width: 550px) 100vw, 550px\" \/><\/p>\n<div id=\"supertag-ad-kodjgsxjd\" data-google-query-id=\"CJTYi_-Vq4QDFWEEuQYdDf8Png\">\n<div id=\"google_ads_iframe_\/21830119956,69365089\/vitoriadaconquistanoticias\/D2_DESK_INTERNA_BF_0__container__\"><strong>A violenta colis\u00e3o deixou dois ocupantes da cabine presos \u00e0s ferragens, exigindo a interven\u00e7\u00e3o r\u00e1pida e eficiente do Corpo de Bombeiros para resgatar a v\u00edtima ferida, que foi prontamente socorrida pelo Samu. A comunidade local ficou consternada com o desfecho tr\u00e1gico desse epis\u00f3dio, enquanto as autoridades, incluindo a Pol\u00edcia Rodovi\u00e1ria Federal, empenharam-se na investiga\u00e7\u00e3o e no apoio \u00e0s v\u00edtimas e suas fam\u00edlias. \/\/<em>Blog do Marcelo<\/em><\/strong><\/div>\n<\/div>\n","protected":false},"excerpt":{"rendered":"<p>Um tr\u00e1gico acidente abalou a regi\u00e3o de Itapebi, na manh\u00e3 desta ter\u00e7a-feira (13), deixando uma pessoa morta e outra gravemente ferida. George Costa Pereira, de 45 anos, morador de Itapetinga, sudoeste baiano, perdeu a vida no local do acidente, ap\u00f3s a carreta ba\u00fa que conduzia sair da pista e tombar no trecho do km 654 [&hellip;]<\/p>\n","protected":false},"author":2,"featured_media":115152,"comment_status":"closed","ping_status":"open","sticky":false,"template":"","format":"standard","meta":{"footnotes":"","_links_to":"","_links_to_target":""},"categories":[1],"tags":[],"class_list":["post-115150","post","type-post","status-publish","format-standard","has-post-thumbnail","hentry","category-geral"],"views":3336,"_links":{"self":[{"href":"https:\/\/www.sudoestehoje.com.br\/novoportal\/wp-json\/wp\/v2\/posts\/115150","targetHints":{"allow":["GET"]}}],"collection":[{"href":"https:\/\/www.sudoestehoje.com.br\/novoportal\/wp-json\/wp\/v2\/posts"}],"about":[{"href":"https:\/\/www.sudoestehoje.com.br\/novoportal\/wp-json\/wp\/v2\/types\/post"}],"author":[{"embeddable":true,"href":"https:\/\/www.sudoestehoje.com.br\/novoportal\/wp-json\/wp\/v2\/users\/2"}],"replies":[{"embeddable":true,"href":"https:\/\/www.sudoestehoje.com.br\/novoportal\/wp-json\/wp\/v2\/comments?post=115150"}],"version-history":[{"count":4,"href":"https:\/\/www.sudoestehoje.com.br\/novoportal\/wp-json\/wp\/v2\/posts\/115150\/revisions"}],"predecessor-version":[{"id":115156,"href":"https:\/\/www.sudoestehoje.com.br\/novoportal\/wp-json\/wp\/v2\/posts\/115150\/revisions\/115156"}],"wp:featuredmedia":[{"embeddable":true,"href":"https:\/\/www.sudoestehoje.com.br\/novoportal\/wp-json\/wp\/v2\/media\/115152"}],"wp:attachment":[{"href":"https:\/\/www.sudoestehoje.com.br\/novoportal\/wp-json\/wp\/v2\/media?parent=115150"}],"wp:term":[{"taxonomy":"category","embeddable":true,"href":"https:\/\/www.sudoestehoje.com.br\/novoportal\/wp-json\/wp\/v2\/categories?post=115150"},{"taxonomy":"post_tag","embeddable":true,"href":"https:\/\/www.sudoestehoje.com.br\/novoportal\/wp-json\/wp\/v2\/tags?post=115150"}],"curies":[{"name":"wp","href":"https:\/\/api.w.org\/{rel}","templated":true}]}}