
{"id":115145,"date":"2024-02-14T12:42:14","date_gmt":"2024-02-14T15:42:14","guid":{"rendered":"https:\/\/www.sudoestehoje.com.br\/novoportal\/?p=115145"},"modified":"2024-02-14T12:42:14","modified_gmt":"2024-02-14T15:42:14","slug":"itapetinga-comercio-reabriu-nesta-quarta-com-boa-movimentacao","status":"publish","type":"post","link":"https:\/\/www.sudoestehoje.com.br\/novoportal\/2024\/02\/14\/itapetinga-comercio-reabriu-nesta-quarta-com-boa-movimentacao\/","title":{"rendered":"ITAPETINGA | COM\u00c9RCIO REABRIU NESTA QUARTA COM BOA MOVIMENTA\u00c7\u00c3O"},"content":{"rendered":"<p><img loading=\"lazy\" decoding=\"async\" class=\"alignnone  wp-image-115146\" src=\"https:\/\/www.sudoestehoje.com.br\/novoportal\/wp-content\/uploads\/2024\/02\/1b13e172-a0da-466b-949d-48e5fa04600f-600x338.jpg\" alt=\"\" width=\"550\" height=\"310\" srcset=\"https:\/\/www.sudoestehoje.com.br\/novoportal\/wp-content\/uploads\/2024\/02\/1b13e172-a0da-466b-949d-48e5fa04600f-600x338.jpg 600w, https:\/\/www.sudoestehoje.com.br\/novoportal\/wp-content\/uploads\/2024\/02\/1b13e172-a0da-466b-949d-48e5fa04600f-700x394.jpg 700w, https:\/\/www.sudoestehoje.com.br\/novoportal\/wp-content\/uploads\/2024\/02\/1b13e172-a0da-466b-949d-48e5fa04600f-768x432.jpg 768w, https:\/\/www.sudoestehoje.com.br\/novoportal\/wp-content\/uploads\/2024\/02\/1b13e172-a0da-466b-949d-48e5fa04600f-1536x865.jpg 1536w, https:\/\/www.sudoestehoje.com.br\/novoportal\/wp-content\/uploads\/2024\/02\/1b13e172-a0da-466b-949d-48e5fa04600f.jpg 1600w\" sizes=\"auto, (max-width: 550px) 100vw, 550px\" \/><\/p>\n<p><strong>Depois do feriad\u00e3o do carnaval, o com\u00e9rcio de Itapetinga reabriu nesta quarta-feira de cinzas, com boa movimenta\u00e7\u00e3o no centro comercial e nos bairros.<\/strong><\/p>\n<p><strong>Com o retorno \u00e0s aulas nas escolas p\u00fablicas e particulares, a busca por materiais escolares nas papelarias e lojas do g\u00eanero, tamb\u00e9m aumentaram neste retorno dos feriados.<\/strong><\/p>\n<p><img loading=\"lazy\" decoding=\"async\" class=\"alignnone  wp-image-115147\" src=\"https:\/\/www.sudoestehoje.com.br\/novoportal\/wp-content\/uploads\/2024\/02\/9be2161f-6a13-486b-a384-939fdc0aa806-600x338.jpg\" alt=\"\" width=\"550\" height=\"310\" srcset=\"https:\/\/www.sudoestehoje.com.br\/novoportal\/wp-content\/uploads\/2024\/02\/9be2161f-6a13-486b-a384-939fdc0aa806-600x338.jpg 600w, https:\/\/www.sudoestehoje.com.br\/novoportal\/wp-content\/uploads\/2024\/02\/9be2161f-6a13-486b-a384-939fdc0aa806-700x394.jpg 700w, https:\/\/www.sudoestehoje.com.br\/novoportal\/wp-content\/uploads\/2024\/02\/9be2161f-6a13-486b-a384-939fdc0aa806-768x432.jpg 768w, https:\/\/www.sudoestehoje.com.br\/novoportal\/wp-content\/uploads\/2024\/02\/9be2161f-6a13-486b-a384-939fdc0aa806-1536x865.jpg 1536w, https:\/\/www.sudoestehoje.com.br\/novoportal\/wp-content\/uploads\/2024\/02\/9be2161f-6a13-486b-a384-939fdc0aa806.jpg 1600w\" sizes=\"auto, (max-width: 550px) 100vw, 550px\" \/><\/p>\n<p><strong>A procura por alimentos e produtos de limpeza tamb\u00e9m embalaram as vendas nas redes de supermercados e atacadistas.\/\/SH<\/strong><\/p>\n","protected":false},"excerpt":{"rendered":"<p>Depois do feriad\u00e3o do carnaval, o com\u00e9rcio de Itapetinga reabriu nesta quarta-feira de cinzas, com boa movimenta\u00e7\u00e3o no centro comercial e nos bairros. Com o retorno \u00e0s aulas nas escolas p\u00fablicas e particulares, a busca por materiais escolares nas papelarias e lojas do g\u00eanero, tamb\u00e9m aumentaram neste retorno dos feriados. A procura por alimentos e [&hellip;]<\/p>\n","protected":false},"author":2,"featured_media":115146,"comment_status":"closed","ping_status":"open","sticky":false,"template":"","format":"standard","meta":{"footnotes":"","_links_to":"","_links_to_target":""},"categories":[1],"tags":[],"class_list":["post-115145","post","type-post","status-publish","format-standard","has-post-thumbnail","hentry","category-geral"],"views":1366,"_links":{"self":[{"href":"https:\/\/www.sudoestehoje.com.br\/novoportal\/wp-json\/wp\/v2\/posts\/115145","targetHints":{"allow":["GET"]}}],"collection":[{"href":"https:\/\/www.sudoestehoje.com.br\/novoportal\/wp-json\/wp\/v2\/posts"}],"about":[{"href":"https:\/\/www.sudoestehoje.com.br\/novoportal\/wp-json\/wp\/v2\/types\/post"}],"author":[{"embeddable":true,"href":"https:\/\/www.sudoestehoje.com.br\/novoportal\/wp-json\/wp\/v2\/users\/2"}],"replies":[{"embeddable":true,"href":"https:\/\/www.sudoestehoje.com.br\/novoportal\/wp-json\/wp\/v2\/comments?post=115145"}],"version-history":[{"count":2,"href":"https:\/\/www.sudoestehoje.com.br\/novoportal\/wp-json\/wp\/v2\/posts\/115145\/revisions"}],"predecessor-version":[{"id":115149,"href":"https:\/\/www.sudoestehoje.com.br\/novoportal\/wp-json\/wp\/v2\/posts\/115145\/revisions\/115149"}],"wp:featuredmedia":[{"embeddable":true,"href":"https:\/\/www.sudoestehoje.com.br\/novoportal\/wp-json\/wp\/v2\/media\/115146"}],"wp:attachment":[{"href":"https:\/\/www.sudoestehoje.com.br\/novoportal\/wp-json\/wp\/v2\/media?parent=115145"}],"wp:term":[{"taxonomy":"category","embeddable":true,"href":"https:\/\/www.sudoestehoje.com.br\/novoportal\/wp-json\/wp\/v2\/categories?post=115145"},{"taxonomy":"post_tag","embeddable":true,"href":"https:\/\/www.sudoestehoje.com.br\/novoportal\/wp-json\/wp\/v2\/tags?post=115145"}],"curies":[{"name":"wp","href":"https:\/\/api.w.org\/{rel}","templated":true}]}}