
{"id":115139,"date":"2024-02-13T11:06:03","date_gmt":"2024-02-13T14:06:03","guid":{"rendered":"https:\/\/www.sudoestehoje.com.br\/novoportal\/?p=115139"},"modified":"2024-02-13T12:10:31","modified_gmt":"2024-02-13T15:10:31","slug":"carnaval-explosao-em-trio-eletrico-de-ivete-sangalo-deixa-2-feridos-em-salvador","status":"publish","type":"post","link":"https:\/\/www.sudoestehoje.com.br\/novoportal\/2024\/02\/13\/carnaval-explosao-em-trio-eletrico-de-ivete-sangalo-deixa-2-feridos-em-salvador\/","title":{"rendered":"CARNAVAL | EXPLOS\u00c3O EM TRIO EL\u00c9TRICO DE IVETE SANGALO DEIXA 2 FERIDOS EM SALVADOR"},"content":{"rendered":"<p><img loading=\"lazy\" decoding=\"async\" class=\"alignnone wp-image-115140\" src=\"https:\/\/www.sudoestehoje.com.br\/novoportal\/wp-content\/uploads\/2024\/02\/Ivetesalvador.jpg\" alt=\"\" width=\"550\" height=\"648\" \/><\/p>\n<p><strong>O trio el\u00e9trico de Ivete Sangalo apresentou problemas nesta segunda-feira (12\/2) e assustou foli\u00f5es no Carnaval de Salvador.<\/strong><\/p>\n<p><strong>Assustada, a cantora interrompeu \u00e0s pressas o Bloco Coruja, que desfilava pelo circuito Barra-Ondina, ap\u00f3s identificar um defeito na mangueira do tanque de g\u00e1s carb\u00f4nico do ve\u00edculo. O incidente deixou duas pessoas com ferimentos leves.<\/strong><\/p>\n<p><strong>A situa\u00e7\u00e3o fez com que a equipe t\u00e9cnica liberasse todo o g\u00e1s CO2, que era utilizado como elemento cenogr\u00e1fico da apresenta\u00e7\u00e3o. A cantora buscou tranquilizar seus f\u00e3s que acompanhavam a apresenta\u00e7\u00e3o na avenida, mas a equipe optou por retirar os convidados, como Mileide Mihaile, Juliana Paiva e Cristian Bell, do ve\u00edculo por quest\u00f5es de seguran\u00e7a.<\/strong><\/p>\n<p><strong>Ivete em desespero<\/strong><\/p>\n<div style=\"width: 480px;\" class=\"wp-video\"><!--[if lt IE 9]><script>document.createElement('video');<\/script><![endif]-->\n<video class=\"wp-video-shortcode\" id=\"video-115139-1\" width=\"480\" height=\"864\" preload=\"metadata\" controls=\"controls\"><source type=\"video\/mp4\" src=\"https:\/\/www.sudoestehoje.com.br\/novoportal\/wp-content\/uploads\/2024\/02\/WhatsApp-Video-2024-02-13-at-11.29.24.mp4?_=1\" \/><a href=\"https:\/\/www.sudoestehoje.com.br\/novoportal\/wp-content\/uploads\/2024\/02\/WhatsApp-Video-2024-02-13-at-11.29.24.mp4\">https:\/\/www.sudoestehoje.com.br\/novoportal\/wp-content\/uploads\/2024\/02\/WhatsApp-Video-2024-02-13-at-11.29.24.mp4<\/a><\/video><\/div>\n<p><strong>A cantora n\u00e3o escondeu sua preocupa\u00e7\u00e3o com o acidente: &#8220;Tem um menino ali tentando puxar uma vaia, eu queria falar que fique \u00e0 vontade, querido. N\u00e3o tem problema, gente. Na democracia, existe a opini\u00e3o. Isso est\u00e1 enchendo meu cora\u00e7\u00e3o de ang\u00fastia. No primeiro dia do nosso carnaval, estava tudo certo, atrasou, porque o nosso carro de apoio destravou. Se eu pudesse, descia, carregava e destravava, mas n\u00e3o posso fazer isso. Tive que obedecer porque sou uma pessoa obediente as regras l\u00e1 de cima.&#8221;<\/strong><\/p>\n<p><strong>Com l\u00e1grimas no rosto, Ivete tamb\u00e9m considerou encerrar a parceria com o grupo carnavalesco que existe h\u00e1 22 anos. &#8220;Eu s\u00f3 quero que voc\u00eas compreendam que a gente vai repensar sobre isso. Ser\u00e1 que \u00e9 a nossa despedida do bloco Coruja? Ser\u00e1 que a gente n\u00e3o tem que repensar isso? A gente tem que pensar por causa de voc\u00eas. Eu n\u00e3o sou uma cantora de trio e que se f*** todo mundo. Eu n\u00e3o quero isso. Isso n\u00e3o est\u00e1 me fazendo bem&#8221;, afirmou a baiana.<\/strong><\/p>\n<p><strong>Em outro momento, o trio el\u00e9trico quase tombou em meio a multid\u00e3o durante a apresenta\u00e7\u00e3o de Gloria Groove e, por pouco, n\u00e3o provocou uma trag\u00e9dia. A cantora baiana chegou a interromper a folia novamente para pedir que convidados dividissem o peso em cima do ve\u00edculo. &#8220;Para o trio, para o trio, para o trio, por favor! Segura o trio&#8221;, gritou Veveta.<\/strong><\/p>\n<p><strong>As cantoras Juliette e Priscilla Alc\u00e2ntara tamb\u00e9m estavam entre os convidados que presenciaram os incidentes.<\/strong><\/p>\n","protected":false},"excerpt":{"rendered":"<p>O trio el\u00e9trico de Ivete Sangalo apresentou problemas nesta segunda-feira (12\/2) e assustou foli\u00f5es no Carnaval de Salvador. Assustada, a cantora interrompeu \u00e0s pressas o Bloco Coruja, que desfilava pelo circuito Barra-Ondina, ap\u00f3s identificar um defeito na mangueira do tanque de g\u00e1s carb\u00f4nico do ve\u00edculo. O incidente deixou duas pessoas com ferimentos leves. A situa\u00e7\u00e3o [&hellip;]<\/p>\n","protected":false},"author":2,"featured_media":115140,"comment_status":"closed","ping_status":"open","sticky":false,"template":"","format":"standard","meta":{"footnotes":"","_links_to":"","_links_to_target":""},"categories":[1],"tags":[],"class_list":["post-115139","post","type-post","status-publish","format-standard","has-post-thumbnail","hentry","category-geral"],"views":1655,"_links":{"self":[{"href":"https:\/\/www.sudoestehoje.com.br\/novoportal\/wp-json\/wp\/v2\/posts\/115139","targetHints":{"allow":["GET"]}}],"collection":[{"href":"https:\/\/www.sudoestehoje.com.br\/novoportal\/wp-json\/wp\/v2\/posts"}],"about":[{"href":"https:\/\/www.sudoestehoje.com.br\/novoportal\/wp-json\/wp\/v2\/types\/post"}],"author":[{"embeddable":true,"href":"https:\/\/www.sudoestehoje.com.br\/novoportal\/wp-json\/wp\/v2\/users\/2"}],"replies":[{"embeddable":true,"href":"https:\/\/www.sudoestehoje.com.br\/novoportal\/wp-json\/wp\/v2\/comments?post=115139"}],"version-history":[{"count":3,"href":"https:\/\/www.sudoestehoje.com.br\/novoportal\/wp-json\/wp\/v2\/posts\/115139\/revisions"}],"predecessor-version":[{"id":115144,"href":"https:\/\/www.sudoestehoje.com.br\/novoportal\/wp-json\/wp\/v2\/posts\/115139\/revisions\/115144"}],"wp:featuredmedia":[{"embeddable":true,"href":"https:\/\/www.sudoestehoje.com.br\/novoportal\/wp-json\/wp\/v2\/media\/115140"}],"wp:attachment":[{"href":"https:\/\/www.sudoestehoje.com.br\/novoportal\/wp-json\/wp\/v2\/media?parent=115139"}],"wp:term":[{"taxonomy":"category","embeddable":true,"href":"https:\/\/www.sudoestehoje.com.br\/novoportal\/wp-json\/wp\/v2\/categories?post=115139"},{"taxonomy":"post_tag","embeddable":true,"href":"https:\/\/www.sudoestehoje.com.br\/novoportal\/wp-json\/wp\/v2\/tags?post=115139"}],"curies":[{"name":"wp","href":"https:\/\/api.w.org\/{rel}","templated":true}]}}