
{"id":115124,"date":"2024-02-11T19:27:29","date_gmt":"2024-02-11T22:27:29","guid":{"rendered":"https:\/\/www.sudoestehoje.com.br\/novoportal\/?p=115124"},"modified":"2024-02-11T19:29:36","modified_gmt":"2024-02-11T22:29:36","slug":"empresario-morreu-em-acidente-com-jet-ski-e-nao-de-infarte-marinha-vai-apurar","status":"publish","type":"post","link":"https:\/\/www.sudoestehoje.com.br\/novoportal\/2024\/02\/11\/empresario-morreu-em-acidente-com-jet-ski-e-nao-de-infarte-marinha-vai-apurar\/","title":{"rendered":"EMPRES\u00c1RIO MORREU EM ACIDENTE COM JET SKI E N\u00c3O DE INFARTE; MARINHA VAI APURAR"},"content":{"rendered":"<p><img loading=\"lazy\" decoding=\"async\" class=\"alignnone wp-image-115115\" src=\"https:\/\/www.sudoestehoje.com.br\/novoportal\/wp-content\/uploads\/2024\/02\/Empresario-morre-em-passeio-de-lancha-600x386.jpeg\" alt=\"\" width=\"550\" height=\"354\" srcset=\"https:\/\/www.sudoestehoje.com.br\/novoportal\/wp-content\/uploads\/2024\/02\/Empresario-morre-em-passeio-de-lancha-600x386.jpeg 600w, https:\/\/www.sudoestehoje.com.br\/novoportal\/wp-content\/uploads\/2024\/02\/Empresario-morre-em-passeio-de-lancha.jpeg 700w\" sizes=\"auto, (max-width: 550px) 100vw, 550px\" \/><\/p>\n<p><strong>A Marinha do Brasil abrir\u00e1 inqu\u00e9rito para investigar as causas e circunst\u00e2ncias do acidente que vitimou o empres\u00e1rio Janilson Dias Mascarenhas, nas proximidades da Ilha do Goi\u00f3, em Mara\u00fa. O empres\u00e1rio faleceu no in\u00edcio da tarde deste s\u00e1bado (10).<\/strong><\/p>\n<p><strong>As primeiras informa\u00e7\u00f5es divulgadas pela imprensa davam conta de que Janilson havia infartado, mas a causa da sua morte foi afogamento, ap\u00f3s se acidentar com uma jet ski.<\/strong><\/p>\n<p><strong>Mascarenhas pilotava uma moto aqu\u00e1tica (jet ski), quando se afogou ao cair da embarca\u00e7\u00e3o. O empres\u00e1rio sofreu uma pancada na regi\u00e3o frontal da cabe\u00e7a, o que teria causado o afogamento. Janilson era dono de rede de supermercados e hortifr\u00fati em Itabuna e outros munic\u00edpios do sul e sudoeste da Bahia.<\/strong><\/p>\n<p><strong>Ainda segundo a Marina, militares da Delegacia da Capitania dos Portos de Ilh\u00e9us que realizavam inspe\u00e7\u00e3o naval na Ba\u00eda de Camamu se dirigiram ao local do acidente ao serem informados do ocorrido. L\u00e1, constataram que a v\u00edtima havia sido resgatada pela embarca\u00e7\u00e3o Atthena.<\/strong><\/p>\n<div class=\"g g-4\">\n<div class=\"g-single a-35\">\n<p><strong>SOCORRO<\/strong><\/p>\n<\/div>\n<\/div>\n<p><strong>O empres\u00e1rio chegou a ser transferido para a embarca\u00e7\u00e3o Dourado, da Delegacia da Capitania, onde foram prestados os primeiros socorros, conforme a Marinha. O Servi\u00e7o de Atendimento M\u00f3vel de Urg\u00eancia (Samu) foi acionado e prestou atendimento ainda no cais de Camamu, por\u00e9m a equipe, ap\u00f3s manobras de ressuscita\u00e7\u00e3o, constatou o \u00f3bito do empres\u00e1rio.<\/strong><\/p>\n<p><strong>A Marinha do Brasil emitiu nota sobre o acidente. \u201cA MB lamenta o ocorrido e se solidariza com os familiares da v\u00edtima\u201d. O corpo de Janilson ser\u00e1 sepultado na tarde deste domingo (11), em Po\u00e7\u00f5es, no sudoeste.<\/strong><\/p>\n","protected":false},"excerpt":{"rendered":"<p>A Marinha do Brasil abrir\u00e1 inqu\u00e9rito para investigar as causas e circunst\u00e2ncias do acidente que vitimou o empres\u00e1rio Janilson Dias Mascarenhas, nas proximidades da Ilha do Goi\u00f3, em Mara\u00fa. O empres\u00e1rio faleceu no in\u00edcio da tarde deste s\u00e1bado (10). As primeiras informa\u00e7\u00f5es divulgadas pela imprensa davam conta de que Janilson havia infartado, mas a causa [&hellip;]<\/p>\n","protected":false},"author":2,"featured_media":115115,"comment_status":"closed","ping_status":"open","sticky":false,"template":"","format":"standard","meta":{"footnotes":"","_links_to":"","_links_to_target":""},"categories":[1],"tags":[],"class_list":["post-115124","post","type-post","status-publish","format-standard","has-post-thumbnail","hentry","category-geral"],"views":1048,"_links":{"self":[{"href":"https:\/\/www.sudoestehoje.com.br\/novoportal\/wp-json\/wp\/v2\/posts\/115124","targetHints":{"allow":["GET"]}}],"collection":[{"href":"https:\/\/www.sudoestehoje.com.br\/novoportal\/wp-json\/wp\/v2\/posts"}],"about":[{"href":"https:\/\/www.sudoestehoje.com.br\/novoportal\/wp-json\/wp\/v2\/types\/post"}],"author":[{"embeddable":true,"href":"https:\/\/www.sudoestehoje.com.br\/novoportal\/wp-json\/wp\/v2\/users\/2"}],"replies":[{"embeddable":true,"href":"https:\/\/www.sudoestehoje.com.br\/novoportal\/wp-json\/wp\/v2\/comments?post=115124"}],"version-history":[{"count":5,"href":"https:\/\/www.sudoestehoje.com.br\/novoportal\/wp-json\/wp\/v2\/posts\/115124\/revisions"}],"predecessor-version":[{"id":115129,"href":"https:\/\/www.sudoestehoje.com.br\/novoportal\/wp-json\/wp\/v2\/posts\/115124\/revisions\/115129"}],"wp:featuredmedia":[{"embeddable":true,"href":"https:\/\/www.sudoestehoje.com.br\/novoportal\/wp-json\/wp\/v2\/media\/115115"}],"wp:attachment":[{"href":"https:\/\/www.sudoestehoje.com.br\/novoportal\/wp-json\/wp\/v2\/media?parent=115124"}],"wp:term":[{"taxonomy":"category","embeddable":true,"href":"https:\/\/www.sudoestehoje.com.br\/novoportal\/wp-json\/wp\/v2\/categories?post=115124"},{"taxonomy":"post_tag","embeddable":true,"href":"https:\/\/www.sudoestehoje.com.br\/novoportal\/wp-json\/wp\/v2\/tags?post=115124"}],"curies":[{"name":"wp","href":"https:\/\/api.w.org\/{rel}","templated":true}]}}