
{"id":115119,"date":"2024-02-11T08:31:53","date_gmt":"2024-02-11T11:31:53","guid":{"rendered":"https:\/\/www.sudoestehoje.com.br\/novoportal\/?p=115119"},"modified":"2024-02-11T08:31:53","modified_gmt":"2024-02-11T11:31:53","slug":"feriadao-movimenta-estradas-do-sudoeste","status":"publish","type":"post","link":"https:\/\/www.sudoestehoje.com.br\/novoportal\/2024\/02\/11\/feriadao-movimenta-estradas-do-sudoeste\/","title":{"rendered":"FERIAD\u00c3O MOVIMENTA ESTRADAS DO SUDOESTE"},"content":{"rendered":"<p><img loading=\"lazy\" decoding=\"async\" class=\"alignnone  wp-image-115121\" src=\"https:\/\/www.sudoestehoje.com.br\/novoportal\/wp-content\/uploads\/2024\/02\/4fd59aeb-cce6-417e-910f-472510e7c3d7-600x338.jpg\" alt=\"\" width=\"549\" height=\"309\" srcset=\"https:\/\/www.sudoestehoje.com.br\/novoportal\/wp-content\/uploads\/2024\/02\/4fd59aeb-cce6-417e-910f-472510e7c3d7-600x338.jpg 600w, https:\/\/www.sudoestehoje.com.br\/novoportal\/wp-content\/uploads\/2024\/02\/4fd59aeb-cce6-417e-910f-472510e7c3d7-700x394.jpg 700w, https:\/\/www.sudoestehoje.com.br\/novoportal\/wp-content\/uploads\/2024\/02\/4fd59aeb-cce6-417e-910f-472510e7c3d7-768x432.jpg 768w, https:\/\/www.sudoestehoje.com.br\/novoportal\/wp-content\/uploads\/2024\/02\/4fd59aeb-cce6-417e-910f-472510e7c3d7-1536x865.jpg 1536w, https:\/\/www.sudoestehoje.com.br\/novoportal\/wp-content\/uploads\/2024\/02\/4fd59aeb-cce6-417e-910f-472510e7c3d7.jpg 1600w\" sizes=\"auto, (max-width: 549px) 100vw, 549px\" \/><\/p>\n<p><strong>As estradas que levam ao sul e extremo sul da Bahia registraram grande volume de tr\u00e1fego neste final de semana do feriad\u00e3o de carnaval.<\/strong><\/p>\n<p><strong>Uma das principais rotas para quem vai para Ilh\u00e9us, Itacar\u00e9 e Porto segura, \u00e9 atrav\u00e9s da BA-263, passando por Vit\u00f3ria da Conquista e Itapetinga, at\u00e9 o encontro com a BR-415. Para quem vai a Porto Seguro, a rota passa por Potiragu\u00e1 (Cor\u00e9ia), at\u00e9 o encontro com a BR-101.<\/strong><\/p>\n<p><strong>Os trechos mais perigosos s\u00e3o: BA- 263, entre Itamb\u00e9 e Itapetinga; BA-270, entre Potiragu\u00e1 e o distrito de Itaimb\u00e9 (Cor\u00e9ia); BR-415, entre Itabuna e Ilh\u00e9us.<\/strong><\/p>\n<p><strong>Todo cuidado \u00e9 pouco&#8230;<\/strong><\/p>\n<p><strong>Reda\u00e7\u00e3o SH<\/strong><\/p>\n","protected":false},"excerpt":{"rendered":"<p>As estradas que levam ao sul e extremo sul da Bahia registraram grande volume de tr\u00e1fego neste final de semana do feriad\u00e3o de carnaval. Uma das principais rotas para quem vai para Ilh\u00e9us, Itacar\u00e9 e Porto segura, \u00e9 atrav\u00e9s da BA-263, passando por Vit\u00f3ria da Conquista e Itapetinga, at\u00e9 o encontro com a BR-415. Para [&hellip;]<\/p>\n","protected":false},"author":2,"featured_media":115121,"comment_status":"closed","ping_status":"open","sticky":false,"template":"","format":"standard","meta":{"footnotes":"","_links_to":"","_links_to_target":""},"categories":[1],"tags":[],"class_list":["post-115119","post","type-post","status-publish","format-standard","has-post-thumbnail","hentry","category-geral"],"views":1388,"_links":{"self":[{"href":"https:\/\/www.sudoestehoje.com.br\/novoportal\/wp-json\/wp\/v2\/posts\/115119","targetHints":{"allow":["GET"]}}],"collection":[{"href":"https:\/\/www.sudoestehoje.com.br\/novoportal\/wp-json\/wp\/v2\/posts"}],"about":[{"href":"https:\/\/www.sudoestehoje.com.br\/novoportal\/wp-json\/wp\/v2\/types\/post"}],"author":[{"embeddable":true,"href":"https:\/\/www.sudoestehoje.com.br\/novoportal\/wp-json\/wp\/v2\/users\/2"}],"replies":[{"embeddable":true,"href":"https:\/\/www.sudoestehoje.com.br\/novoportal\/wp-json\/wp\/v2\/comments?post=115119"}],"version-history":[{"count":3,"href":"https:\/\/www.sudoestehoje.com.br\/novoportal\/wp-json\/wp\/v2\/posts\/115119\/revisions"}],"predecessor-version":[{"id":115123,"href":"https:\/\/www.sudoestehoje.com.br\/novoportal\/wp-json\/wp\/v2\/posts\/115119\/revisions\/115123"}],"wp:featuredmedia":[{"embeddable":true,"href":"https:\/\/www.sudoestehoje.com.br\/novoportal\/wp-json\/wp\/v2\/media\/115121"}],"wp:attachment":[{"href":"https:\/\/www.sudoestehoje.com.br\/novoportal\/wp-json\/wp\/v2\/media?parent=115119"}],"wp:term":[{"taxonomy":"category","embeddable":true,"href":"https:\/\/www.sudoestehoje.com.br\/novoportal\/wp-json\/wp\/v2\/categories?post=115119"},{"taxonomy":"post_tag","embeddable":true,"href":"https:\/\/www.sudoestehoje.com.br\/novoportal\/wp-json\/wp\/v2\/tags?post=115119"}],"curies":[{"name":"wp","href":"https:\/\/api.w.org\/{rel}","templated":true}]}}