
{"id":115114,"date":"2024-02-11T07:57:42","date_gmt":"2024-02-11T10:57:42","guid":{"rendered":"https:\/\/www.sudoestehoje.com.br\/novoportal\/?p=115114"},"modified":"2024-02-11T07:57:42","modified_gmt":"2024-02-11T10:57:42","slug":"dono-de-rede-de-supermercados-no-sul-da-bahia-morre-durante-passeio","status":"publish","type":"post","link":"https:\/\/www.sudoestehoje.com.br\/novoportal\/2024\/02\/11\/dono-de-rede-de-supermercados-no-sul-da-bahia-morre-durante-passeio\/","title":{"rendered":"DONO DE REDE DE SUPERMERCADOS NO SUL DA BAHIA MORRE DURANTE PASSEIO"},"content":{"rendered":"<p><img loading=\"lazy\" decoding=\"async\" class=\"alignnone  wp-image-115116\" src=\"https:\/\/www.sudoestehoje.com.br\/novoportal\/wp-content\/uploads\/2024\/02\/Empresario-morre-em-passeio-de-lancha-1.jpeg\" alt=\"\" width=\"550\" height=\"360\" \/><\/p>\n<p><strong>O propriet\u00e1rio de uma rede de supermercados e outros estabelecimentos comerciais em Itabuna, Buerarema e outras cidades do sul e sudoeste da Bahia morreu na tarde deste s\u00e1bado (10). O empres\u00e1rio Janilson Dias Mascarenhas teria passado mal durante um passeio de lancha na Baia de Camamu, no baixo sul do estado. Ele teria sofrido um infarto fulminante.<\/strong><\/p>\n<p><strong>V\u00eddeos que circulam nas redes sociais mostram um profissional do Servi\u00e7o de Atendimento M\u00f3vel de Urg\u00eancia (SAMU) tentando reanimar Janilson Mascarenhas, ainda na lancha. O empres\u00e1rio n\u00e3o responde \u00e0s manobras. Depois que o profissional constata que n\u00e3o h\u00e1 mais o que fazer, uma mulher, desesperada, tamb\u00e9m tenta reanimar a v\u00edtima, sem sucesso.<\/strong><\/p>\n<div class=\"g g-4\">\n<div class=\"g-single a-50\">\n<p><strong>O empres\u00e1rio era propriet\u00e1rios de v\u00e1rios estabelecimentos em Itabuna, principalmente na Avenida Am\u00e9lia Amado e bairro Santos Ant\u00f4nio. O corpo do empres\u00e1rio ser\u00e1 sepultado \u00e0s 17h deste domingo (11), em Po\u00e7\u00f5es. O empres\u00e1rio nasceu na cidade do sudoeste da Bahia. Ainda n\u00e3o foi informado local do vel\u00f3rio. \/\/<em>Pimenta<\/em><\/strong><\/p>\n<\/div>\n<\/div>\n","protected":false},"excerpt":{"rendered":"<p>O propriet\u00e1rio de uma rede de supermercados e outros estabelecimentos comerciais em Itabuna, Buerarema e outras cidades do sul e sudoeste da Bahia morreu na tarde deste s\u00e1bado (10). O empres\u00e1rio Janilson Dias Mascarenhas teria passado mal durante um passeio de lancha na Baia de Camamu, no baixo sul do estado. Ele teria sofrido um [&hellip;]<\/p>\n","protected":false},"author":2,"featured_media":115116,"comment_status":"closed","ping_status":"open","sticky":false,"template":"","format":"standard","meta":{"footnotes":"","_links_to":"","_links_to_target":""},"categories":[1],"tags":[],"class_list":["post-115114","post","type-post","status-publish","format-standard","has-post-thumbnail","hentry","category-geral"],"views":1695,"_links":{"self":[{"href":"https:\/\/www.sudoestehoje.com.br\/novoportal\/wp-json\/wp\/v2\/posts\/115114","targetHints":{"allow":["GET"]}}],"collection":[{"href":"https:\/\/www.sudoestehoje.com.br\/novoportal\/wp-json\/wp\/v2\/posts"}],"about":[{"href":"https:\/\/www.sudoestehoje.com.br\/novoportal\/wp-json\/wp\/v2\/types\/post"}],"author":[{"embeddable":true,"href":"https:\/\/www.sudoestehoje.com.br\/novoportal\/wp-json\/wp\/v2\/users\/2"}],"replies":[{"embeddable":true,"href":"https:\/\/www.sudoestehoje.com.br\/novoportal\/wp-json\/wp\/v2\/comments?post=115114"}],"version-history":[{"count":2,"href":"https:\/\/www.sudoestehoje.com.br\/novoportal\/wp-json\/wp\/v2\/posts\/115114\/revisions"}],"predecessor-version":[{"id":115118,"href":"https:\/\/www.sudoestehoje.com.br\/novoportal\/wp-json\/wp\/v2\/posts\/115114\/revisions\/115118"}],"wp:featuredmedia":[{"embeddable":true,"href":"https:\/\/www.sudoestehoje.com.br\/novoportal\/wp-json\/wp\/v2\/media\/115116"}],"wp:attachment":[{"href":"https:\/\/www.sudoestehoje.com.br\/novoportal\/wp-json\/wp\/v2\/media?parent=115114"}],"wp:term":[{"taxonomy":"category","embeddable":true,"href":"https:\/\/www.sudoestehoje.com.br\/novoportal\/wp-json\/wp\/v2\/categories?post=115114"},{"taxonomy":"post_tag","embeddable":true,"href":"https:\/\/www.sudoestehoje.com.br\/novoportal\/wp-json\/wp\/v2\/tags?post=115114"}],"curies":[{"name":"wp","href":"https:\/\/api.w.org\/{rel}","templated":true}]}}