
{"id":115107,"date":"2024-02-09T19:32:11","date_gmt":"2024-02-09T22:32:11","guid":{"rendered":"https:\/\/www.sudoestehoje.com.br\/novoportal\/?p=115107"},"modified":"2024-02-09T19:34:54","modified_gmt":"2024-02-09T22:34:54","slug":"itapetinga-crescem-rumores-sobre-uma-possivel-desistencia-de-cida-moura","status":"publish","type":"post","link":"https:\/\/www.sudoestehoje.com.br\/novoportal\/2024\/02\/09\/itapetinga-crescem-rumores-sobre-uma-possivel-desistencia-de-cida-moura\/","title":{"rendered":"ITAPETINGA | CRESCEM RUMORES SOBRE UMA POSS\u00cdVEL DESIST\u00caNCIA DE CIDA MOURA"},"content":{"rendered":"<p><img loading=\"lazy\" decoding=\"async\" class=\"alignnone size-full wp-image-115109\" src=\"https:\/\/www.sudoestehoje.com.br\/novoportal\/wp-content\/uploads\/2024\/02\/cida-radio.jpg\" alt=\"\" width=\"483\" height=\"360\" \/><\/p>\n<p><strong>Depois da malfadada &#8216;entrevista ao vivo gravada&#8217; em um programa de r\u00e1dio local, a pr\u00e9-candidata a prefeita de Itapetinga, Cida Moura, estaria repensando a sua decis\u00e3o e pode desistir de concorrer ao pleito\u00a0 outubro, por &#8220;raz\u00f5es pessoais&#8221;.<\/strong><\/p>\n<p><strong>As informa\u00e7\u00f5es correm nos bastidores pol\u00edticos locais, o que vem gerando um enorme des\u00e2nimo entre os defensores\u00a0 da sua rec\u00e9m lan\u00e7ada pr\u00e9-candidatura, tida como \u00fanica op\u00e7\u00e3o vi\u00e1vel para enfrentar uma candidatura apoiada pelo prefeito Rodrigo Hagge e seu fort\u00edssimo grupo.<\/strong><\/p>\n<p><strong><em>&#8220;Cida relutou para aceitar, por n\u00e3o se sentir preparada para a disputa, mas, por insist\u00eancia da c\u00fapula do governo do estado, acabou aceitando, mas agora a ficha caiu e deve desistir&#8221;<\/em>, revelou uma forte lideran\u00e7a ligada ao PT.<\/strong><\/p>\n<p><strong>A pr\u00e9-candidata tem sido procurada pela imprensa para agendar entrevistas ao vivo nas emissoras de r\u00e1dio locais e portais na internet, mas n\u00e3o tem dado retorno.<\/strong><\/p>\n<p><strong>Por Davi Ferraz<\/strong><\/p>\n","protected":false},"excerpt":{"rendered":"<p>Depois da malfadada &#8216;entrevista ao vivo gravada&#8217; em um programa de r\u00e1dio local, a pr\u00e9-candidata a prefeita de Itapetinga, Cida Moura, estaria repensando a sua decis\u00e3o e pode desistir de concorrer ao pleito\u00a0 outubro, por &#8220;raz\u00f5es pessoais&#8221;. As informa\u00e7\u00f5es correm nos bastidores pol\u00edticos locais, o que vem gerando um enorme des\u00e2nimo entre os defensores\u00a0 da [&hellip;]<\/p>\n","protected":false},"author":2,"featured_media":115109,"comment_status":"closed","ping_status":"open","sticky":false,"template":"","format":"standard","meta":{"footnotes":"","_links_to":"","_links_to_target":""},"categories":[1],"tags":[],"class_list":["post-115107","post","type-post","status-publish","format-standard","has-post-thumbnail","hentry","category-geral"],"views":1722,"_links":{"self":[{"href":"https:\/\/www.sudoestehoje.com.br\/novoportal\/wp-json\/wp\/v2\/posts\/115107","targetHints":{"allow":["GET"]}}],"collection":[{"href":"https:\/\/www.sudoestehoje.com.br\/novoportal\/wp-json\/wp\/v2\/posts"}],"about":[{"href":"https:\/\/www.sudoestehoje.com.br\/novoportal\/wp-json\/wp\/v2\/types\/post"}],"author":[{"embeddable":true,"href":"https:\/\/www.sudoestehoje.com.br\/novoportal\/wp-json\/wp\/v2\/users\/2"}],"replies":[{"embeddable":true,"href":"https:\/\/www.sudoestehoje.com.br\/novoportal\/wp-json\/wp\/v2\/comments?post=115107"}],"version-history":[{"count":5,"href":"https:\/\/www.sudoestehoje.com.br\/novoportal\/wp-json\/wp\/v2\/posts\/115107\/revisions"}],"predecessor-version":[{"id":115113,"href":"https:\/\/www.sudoestehoje.com.br\/novoportal\/wp-json\/wp\/v2\/posts\/115107\/revisions\/115113"}],"wp:featuredmedia":[{"embeddable":true,"href":"https:\/\/www.sudoestehoje.com.br\/novoportal\/wp-json\/wp\/v2\/media\/115109"}],"wp:attachment":[{"href":"https:\/\/www.sudoestehoje.com.br\/novoportal\/wp-json\/wp\/v2\/media?parent=115107"}],"wp:term":[{"taxonomy":"category","embeddable":true,"href":"https:\/\/www.sudoestehoje.com.br\/novoportal\/wp-json\/wp\/v2\/categories?post=115107"},{"taxonomy":"post_tag","embeddable":true,"href":"https:\/\/www.sudoestehoje.com.br\/novoportal\/wp-json\/wp\/v2\/tags?post=115107"}],"curies":[{"name":"wp","href":"https:\/\/api.w.org\/{rel}","templated":true}]}}