
{"id":115104,"date":"2024-02-09T08:43:12","date_gmt":"2024-02-09T11:43:12","guid":{"rendered":"https:\/\/www.sudoestehoje.com.br\/novoportal\/?p=115104"},"modified":"2024-02-09T08:43:12","modified_gmt":"2024-02-09T11:43:12","slug":"itapetinga-incendio-destroi-parte-do-predio-da-antiga-cdm","status":"publish","type":"post","link":"https:\/\/www.sudoestehoje.com.br\/novoportal\/2024\/02\/09\/itapetinga-incendio-destroi-parte-do-predio-da-antiga-cdm\/","title":{"rendered":"ITAPETINGA | INC\u00caNDIO DESTR\u00d3I PARTE DO PR\u00c9DIO DA ANTIGA CDM"},"content":{"rendered":"<p><img loading=\"lazy\" decoding=\"async\" class=\"alignnone  wp-image-115105\" src=\"https:\/\/www.sudoestehoje.com.br\/novoportal\/wp-content\/uploads\/2024\/02\/facce2d9-32ed-4bb9-b887-7aeb008450e2-600x320.jpg\" alt=\"\" width=\"551\" height=\"294\" srcset=\"https:\/\/www.sudoestehoje.com.br\/novoportal\/wp-content\/uploads\/2024\/02\/facce2d9-32ed-4bb9-b887-7aeb008450e2-600x320.jpg 600w, https:\/\/www.sudoestehoje.com.br\/novoportal\/wp-content\/uploads\/2024\/02\/facce2d9-32ed-4bb9-b887-7aeb008450e2-700x373.jpg 700w, https:\/\/www.sudoestehoje.com.br\/novoportal\/wp-content\/uploads\/2024\/02\/facce2d9-32ed-4bb9-b887-7aeb008450e2.jpg 766w\" sizes=\"auto, (max-width: 551px) 100vw, 551px\" \/><\/p>\n<p><strong>Um inc\u00eandio de grandes propor\u00e7\u00f5es ocorrido na noite desta quinta-feira (8), destruiu parte do pr\u00e9dio onde funcionava a Central de Marca\u00e7\u00e3o de Exames (CDM), da Secretaria Municipal de Sa\u00fade de Itapetinga.<\/strong><\/p>\n<p><strong>O pr\u00e9dio \u00e9 alugado e est\u00e1 em reforma para abrigar a nova CDM e a pr\u00f3pria secretaria.<\/strong><\/p>\n<p><strong>De acordo com informa\u00e7\u00f5es de prepostos da secretaria de sa\u00fade, um curto circuito na rede el\u00e9trica do pr\u00e9dio pode ter sido a causa do inc\u00eandio, que foi debelado pelo &#8216;carro pipa&#8217; da prefeitura a brigada de inc\u00eandio da Vulcabras.<\/strong><\/p>\n<p><strong>Apesar das promessas e anuncio do governador em ato p\u00fablico na cidade, a unidade do Corpo de Bombeiros ainda n\u00e3o foi implantada. \/\/Reda\u00e7\u00e3o SH<\/strong><\/p>\n<p>&nbsp;<\/p>\n","protected":false},"excerpt":{"rendered":"<p>Um inc\u00eandio de grandes propor\u00e7\u00f5es ocorrido na noite desta quinta-feira (8), destruiu parte do pr\u00e9dio onde funcionava a Central de Marca\u00e7\u00e3o de Exames (CDM), da Secretaria Municipal de Sa\u00fade de Itapetinga. O pr\u00e9dio \u00e9 alugado e est\u00e1 em reforma para abrigar a nova CDM e a pr\u00f3pria secretaria. De acordo com informa\u00e7\u00f5es de prepostos da [&hellip;]<\/p>\n","protected":false},"author":2,"featured_media":115105,"comment_status":"closed","ping_status":"open","sticky":false,"template":"","format":"standard","meta":{"footnotes":"","_links_to":"","_links_to_target":""},"categories":[1],"tags":[],"class_list":["post-115104","post","type-post","status-publish","format-standard","has-post-thumbnail","hentry","category-geral"],"views":1437,"_links":{"self":[{"href":"https:\/\/www.sudoestehoje.com.br\/novoportal\/wp-json\/wp\/v2\/posts\/115104","targetHints":{"allow":["GET"]}}],"collection":[{"href":"https:\/\/www.sudoestehoje.com.br\/novoportal\/wp-json\/wp\/v2\/posts"}],"about":[{"href":"https:\/\/www.sudoestehoje.com.br\/novoportal\/wp-json\/wp\/v2\/types\/post"}],"author":[{"embeddable":true,"href":"https:\/\/www.sudoestehoje.com.br\/novoportal\/wp-json\/wp\/v2\/users\/2"}],"replies":[{"embeddable":true,"href":"https:\/\/www.sudoestehoje.com.br\/novoportal\/wp-json\/wp\/v2\/comments?post=115104"}],"version-history":[{"count":1,"href":"https:\/\/www.sudoestehoje.com.br\/novoportal\/wp-json\/wp\/v2\/posts\/115104\/revisions"}],"predecessor-version":[{"id":115106,"href":"https:\/\/www.sudoestehoje.com.br\/novoportal\/wp-json\/wp\/v2\/posts\/115104\/revisions\/115106"}],"wp:featuredmedia":[{"embeddable":true,"href":"https:\/\/www.sudoestehoje.com.br\/novoportal\/wp-json\/wp\/v2\/media\/115105"}],"wp:attachment":[{"href":"https:\/\/www.sudoestehoje.com.br\/novoportal\/wp-json\/wp\/v2\/media?parent=115104"}],"wp:term":[{"taxonomy":"category","embeddable":true,"href":"https:\/\/www.sudoestehoje.com.br\/novoportal\/wp-json\/wp\/v2\/categories?post=115104"},{"taxonomy":"post_tag","embeddable":true,"href":"https:\/\/www.sudoestehoje.com.br\/novoportal\/wp-json\/wp\/v2\/tags?post=115104"}],"curies":[{"name":"wp","href":"https:\/\/api.w.org\/{rel}","templated":true}]}}