
{"id":115093,"date":"2024-02-08T11:23:20","date_gmt":"2024-02-08T14:23:20","guid":{"rendered":"https:\/\/www.sudoestehoje.com.br\/novoportal\/?p=115093"},"modified":"2024-02-08T11:26:08","modified_gmt":"2024-02-08T14:26:08","slug":"calado-jeronimo-nao-explica-por-que-governo-deixou-de-aplicar-r-270-milhoes-no-combate-a-fome","status":"publish","type":"post","link":"https:\/\/www.sudoestehoje.com.br\/novoportal\/2024\/02\/08\/calado-jeronimo-nao-explica-por-que-governo-deixou-de-aplicar-r-270-milhoes-no-combate-a-fome\/","title":{"rendered":"CALADO | JER\u00d4NIMO N\u00c3O EXPLICA POR QUE GOVERNO DEIXOU DE APLICAR R$ 270 MILH\u00d5ES NO COMBATE \u00c0 FOME"},"content":{"rendered":"<div class=\"container--component-block\">\n<p><img loading=\"lazy\" decoding=\"async\" class=\"alignnone wp-image-115096\" src=\"https:\/\/www.sudoestehoje.com.br\/novoportal\/wp-content\/uploads\/2024\/02\/FOME-600x400.jpg\" alt=\"\" width=\"551\" height=\"367\" srcset=\"https:\/\/www.sudoestehoje.com.br\/novoportal\/wp-content\/uploads\/2024\/02\/FOME-600x400.jpg 600w, https:\/\/www.sudoestehoje.com.br\/novoportal\/wp-content\/uploads\/2024\/02\/FOME-700x467.jpg 700w, https:\/\/www.sudoestehoje.com.br\/novoportal\/wp-content\/uploads\/2024\/02\/FOME-768x512.jpg 768w, https:\/\/www.sudoestehoje.com.br\/novoportal\/wp-content\/uploads\/2024\/02\/FOME.jpg 1200w\" sizes=\"auto, (max-width: 551px) 100vw, 551px\" \/><\/p>\n<p id=\"paragrafo-fs4ob5zn4x\" class=\"component--paragrafo\"><strong>O governador da Bahia, Jer\u00f4nimo Rodrigues (PT), foi questionado, nesta quarta-feira (7), por que o governo deixou de aplicar todo o recurso destinado ao combate \u00e0 fome no estado.<\/strong><\/p>\n<\/div>\n<div class=\"article_mrec_destaque sticky\">\n<div id=\"internas_336x280_01\" data-google-query-id=\"CKvQgpWcmoQDFaBU3QIdvlwHjg\">\n<div class=\"container--component-block\">\n<p id=\"paragrafo-4e2bd7lits\" class=\"component--paragrafo\"><strong>Em entrevista \u00e0 imprensa, o petista atacou os advers\u00e1rios e disse apenas que a sua gest\u00e3o investiu mais recursos no ano passado que os governos anteriores de Rui Costa e Jaques Wagner, ambos do PT.<\/strong><\/p>\n<\/div>\n<div class=\"container--component-block\">\n<blockquote>\n<p id=\"paragrafo-7lnet3rsi9\" class=\"component--paragrafo\"><strong>\u201cVamos fazer uma avalia\u00e7\u00e3o entre o que est\u00e1 no meu programa de governo e o que foi o ano de 2023. Na execu\u00e7\u00e3o financeira, n\u00f3s extrapolamos todos, inclusive, os meus antecessores Rui e Wagner no que diz respeito a investimentos. N\u00f3s temos uma parceria muito forte com o presidente Lula. E o presidente Lula aportou recursos para o Bolsa Fam\u00edlia, por exemplo\u201d, declarou.<\/strong><\/p>\n<\/blockquote>\n<\/div>\n<div class=\"container--component-block\">\n<p id=\"paragrafo-6cmum3t0mt\" class=\"component--paragrafo\"><strong>Como mostrou a coluna Pombo-Correio, o governo deixou de aplicar no ano passado R$ 270 milh\u00f5es no combate \u00e0 fome.<\/strong><\/p>\n<p class=\"component--paragrafo\"><strong>O recurso estava dispon\u00edvel no Fundo de Combate \u00e0 Pobreza (Funcep).<\/strong><\/p>\n<p class=\"component--paragrafo\"><strong>Segundo o relat\u00f3rio do Transpar\u00eancia Bahia, o fundo arrecadou uma receita de R$ 979 milh\u00f5es, mas a aplica\u00e7\u00e3o ficou em R$ 702 milh\u00f5es.<\/strong><\/p>\n<div class=\"container--component-block\">\n<p id=\"paragrafo-qocao5ipam\" class=\"component--paragrafo\"><strong>O ex-prefeito de Salvador e secret\u00e1rio-geral do Uni\u00e3o Brasil, ACM Neto, criticou Jer\u00f4nimo Rodrigues por n\u00e3o investir todo o dinheiro.<\/strong><\/p>\n<\/div>\n<div class=\"container--component-block\">\n<blockquote>\n<p id=\"paragrafo-06hhcxjuad\" class=\"component--paragrafo\"><strong>\u201cSabemos que eles falam muito em combater a pobreza, em ajudar os mais pobres, por qual motivo deixaram de gastar mais de R$ 270 milh\u00f5es que estavam no fundo? A gente constata que dinheiro existe, mas falta compet\u00eancia, faltam bons projetos, falta decis\u00e3o pol\u00edtica de aplicar esses recursos. Aplicar no estado que \u00e9 campe\u00e3o nacional em n\u00famero de pessoas vivendo abaixo da linha da pobreza. Aqui na Bahia cerca de 2 milh\u00f5es de pessoas vivem ganhando por m\u00eas at\u00e9 200 reais. Isso \u00e9 uma situa\u00e7\u00e3o inaceit\u00e1vel\u201d, declarou.<\/strong><\/p>\n<\/blockquote>\n<\/div>\n<div class=\"container--component-block\">\n<p id=\"paragrafo-grmq6b2fob\" class=\"component--paragrafo\"><strong>Na entrevista coletiva, Jer\u00f4nimo Rodrigues tamb\u00e9m foi questionado sobre o aumento do ICMS (Imposto sobre Circula\u00e7\u00e3o de Mercadorias e Servi\u00e7os), que come\u00e7ou a valer nesta quarta-feira, mas o petista n\u00e3o falou sobre o assunto.<\/strong><\/p>\n<p class=\"component--paragrafo\"><strong>O governador aumentou em 1,5 ponto percentual a al\u00edquota modal do ICMS.<\/strong><\/p>\n<\/div>\n<\/div>\n<\/div>\n<\/div>\n","protected":false},"excerpt":{"rendered":"<p>O governador da Bahia, Jer\u00f4nimo Rodrigues (PT), foi questionado, nesta quarta-feira (7), por que o governo deixou de aplicar todo o recurso destinado ao combate \u00e0 fome no estado. Em entrevista \u00e0 imprensa, o petista atacou os advers\u00e1rios e disse apenas que a sua gest\u00e3o investiu mais recursos no ano passado que os governos anteriores [&hellip;]<\/p>\n","protected":false},"author":2,"featured_media":115096,"comment_status":"closed","ping_status":"open","sticky":false,"template":"","format":"standard","meta":{"footnotes":"","_links_to":"","_links_to_target":""},"categories":[1],"tags":[],"class_list":["post-115093","post","type-post","status-publish","format-standard","has-post-thumbnail","hentry","category-geral"],"views":763,"_links":{"self":[{"href":"https:\/\/www.sudoestehoje.com.br\/novoportal\/wp-json\/wp\/v2\/posts\/115093","targetHints":{"allow":["GET"]}}],"collection":[{"href":"https:\/\/www.sudoestehoje.com.br\/novoportal\/wp-json\/wp\/v2\/posts"}],"about":[{"href":"https:\/\/www.sudoestehoje.com.br\/novoportal\/wp-json\/wp\/v2\/types\/post"}],"author":[{"embeddable":true,"href":"https:\/\/www.sudoestehoje.com.br\/novoportal\/wp-json\/wp\/v2\/users\/2"}],"replies":[{"embeddable":true,"href":"https:\/\/www.sudoestehoje.com.br\/novoportal\/wp-json\/wp\/v2\/comments?post=115093"}],"version-history":[{"count":3,"href":"https:\/\/www.sudoestehoje.com.br\/novoportal\/wp-json\/wp\/v2\/posts\/115093\/revisions"}],"predecessor-version":[{"id":115097,"href":"https:\/\/www.sudoestehoje.com.br\/novoportal\/wp-json\/wp\/v2\/posts\/115093\/revisions\/115097"}],"wp:featuredmedia":[{"embeddable":true,"href":"https:\/\/www.sudoestehoje.com.br\/novoportal\/wp-json\/wp\/v2\/media\/115096"}],"wp:attachment":[{"href":"https:\/\/www.sudoestehoje.com.br\/novoportal\/wp-json\/wp\/v2\/media?parent=115093"}],"wp:term":[{"taxonomy":"category","embeddable":true,"href":"https:\/\/www.sudoestehoje.com.br\/novoportal\/wp-json\/wp\/v2\/categories?post=115093"},{"taxonomy":"post_tag","embeddable":true,"href":"https:\/\/www.sudoestehoje.com.br\/novoportal\/wp-json\/wp\/v2\/tags?post=115093"}],"curies":[{"name":"wp","href":"https:\/\/api.w.org\/{rel}","templated":true}]}}