
{"id":115089,"date":"2024-02-08T10:57:13","date_gmt":"2024-02-08T13:57:13","guid":{"rendered":"https:\/\/www.sudoestehoje.com.br\/novoportal\/?p=115089"},"modified":"2024-02-08T11:15:54","modified_gmt":"2024-02-08T14:15:54","slug":"comercio-de-itapetinga-nao-funcionara-na-segunda-e-terca-de-carnaval","status":"publish","type":"post","link":"https:\/\/www.sudoestehoje.com.br\/novoportal\/2024\/02\/08\/comercio-de-itapetinga-nao-funcionara-na-segunda-e-terca-de-carnaval\/","title":{"rendered":"COM\u00c9RCIO DE ITAPETINGA N\u00c3O FUNCIONAR\u00c1 NA SEGUNDA E TER\u00c7A DE CARNAVAL"},"content":{"rendered":"<p><img loading=\"lazy\" decoding=\"async\" class=\"alignnone wp-image-115090\" src=\"https:\/\/www.sudoestehoje.com.br\/novoportal\/wp-content\/uploads\/2024\/02\/WhatsApp-Image-2024-02-08-at-10.45.40-600x592.jpeg\" alt=\"\" width=\"549\" height=\"542\" srcset=\"https:\/\/www.sudoestehoje.com.br\/novoportal\/wp-content\/uploads\/2024\/02\/WhatsApp-Image-2024-02-08-at-10.45.40-600x592.jpeg 600w, https:\/\/www.sudoestehoje.com.br\/novoportal\/wp-content\/uploads\/2024\/02\/WhatsApp-Image-2024-02-08-at-10.45.40-700x690.jpeg 700w, https:\/\/www.sudoestehoje.com.br\/novoportal\/wp-content\/uploads\/2024\/02\/WhatsApp-Image-2024-02-08-at-10.45.40-768x757.jpeg 768w, https:\/\/www.sudoestehoje.com.br\/novoportal\/wp-content\/uploads\/2024\/02\/WhatsApp-Image-2024-02-08-at-10.45.40.jpeg 1080w\" sizes=\"auto, (max-width: 549px) 100vw, 549px\" \/><br \/>\n<strong>A C\u00e2mara de Dirigentes Lojistas de Itapetinga e o Sindicato dos Empregados do Com\u00e9rcio de Itapetinga e Itoror\u00f3, seguindo o disposto na Conven\u00e7\u00e3o Trabalhista, FIRMAM acordo para&#8230;<\/strong><\/p>\n<p><strong>Acompanhe a mat\u00e9ria na \u00edntegra em: <\/strong><\/p>\n<p><strong><span style=\"color: #0000ff;\"><a style=\"color: #0000ff;\" href=\"https:\/\/cdlitapetinga.com.br\/o-comercio-nao-funcionara-na-segunda-e-terca-feira-de-carnaval-em-2024\/\">https:\/\/cdlitapetinga.com.br\/o-comercio-nao-funcionara-na-segunda-e-terca-feira-de-carnaval-em-2024\/<\/a><\/span><\/strong><\/p>\n","protected":false},"excerpt":{"rendered":"<p>A C\u00e2mara de Dirigentes Lojistas de Itapetinga e o Sindicato dos Empregados do Com\u00e9rcio de Itapetinga e Itoror\u00f3, seguindo o disposto na Conven\u00e7\u00e3o Trabalhista, FIRMAM acordo para&#8230; Acompanhe a mat\u00e9ria na \u00edntegra em: https:\/\/cdlitapetinga.com.br\/o-comercio-nao-funcionara-na-segunda-e-terca-feira-de-carnaval-em-2024\/<\/p>\n","protected":false},"author":2,"featured_media":115090,"comment_status":"closed","ping_status":"open","sticky":false,"template":"","format":"standard","meta":{"footnotes":"","_links_to":"","_links_to_target":""},"categories":[1],"tags":[],"class_list":["post-115089","post","type-post","status-publish","format-standard","has-post-thumbnail","hentry","category-geral"],"views":552,"_links":{"self":[{"href":"https:\/\/www.sudoestehoje.com.br\/novoportal\/wp-json\/wp\/v2\/posts\/115089","targetHints":{"allow":["GET"]}}],"collection":[{"href":"https:\/\/www.sudoestehoje.com.br\/novoportal\/wp-json\/wp\/v2\/posts"}],"about":[{"href":"https:\/\/www.sudoestehoje.com.br\/novoportal\/wp-json\/wp\/v2\/types\/post"}],"author":[{"embeddable":true,"href":"https:\/\/www.sudoestehoje.com.br\/novoportal\/wp-json\/wp\/v2\/users\/2"}],"replies":[{"embeddable":true,"href":"https:\/\/www.sudoestehoje.com.br\/novoportal\/wp-json\/wp\/v2\/comments?post=115089"}],"version-history":[{"count":2,"href":"https:\/\/www.sudoestehoje.com.br\/novoportal\/wp-json\/wp\/v2\/posts\/115089\/revisions"}],"predecessor-version":[{"id":115092,"href":"https:\/\/www.sudoestehoje.com.br\/novoportal\/wp-json\/wp\/v2\/posts\/115089\/revisions\/115092"}],"wp:featuredmedia":[{"embeddable":true,"href":"https:\/\/www.sudoestehoje.com.br\/novoportal\/wp-json\/wp\/v2\/media\/115090"}],"wp:attachment":[{"href":"https:\/\/www.sudoestehoje.com.br\/novoportal\/wp-json\/wp\/v2\/media?parent=115089"}],"wp:term":[{"taxonomy":"category","embeddable":true,"href":"https:\/\/www.sudoestehoje.com.br\/novoportal\/wp-json\/wp\/v2\/categories?post=115089"},{"taxonomy":"post_tag","embeddable":true,"href":"https:\/\/www.sudoestehoje.com.br\/novoportal\/wp-json\/wp\/v2\/tags?post=115089"}],"curies":[{"name":"wp","href":"https:\/\/api.w.org\/{rel}","templated":true}]}}