
{"id":115085,"date":"2024-02-08T10:48:11","date_gmt":"2024-02-08T13:48:11","guid":{"rendered":"https:\/\/www.sudoestehoje.com.br\/novoportal\/?p=115085"},"modified":"2024-02-08T12:02:14","modified_gmt":"2024-02-08T15:02:14","slug":"estao-fazendo-barabaridades-em-nome-da-democracia-diz-bolsonaro-sobre-possibilidade-de-prisao","status":"publish","type":"post","link":"https:\/\/www.sudoestehoje.com.br\/novoportal\/2024\/02\/08\/estao-fazendo-barabaridades-em-nome-da-democracia-diz-bolsonaro-sobre-possibilidade-de-prisao\/","title":{"rendered":"&#8220;EST\u00c3O FAZENDO BARBARIDADES EM NOME DA DEMOCRACIA&#8221;, DIZ BOLSONARO SOBRE POSSIBILIDADE DE PRIS\u00c3O"},"content":{"rendered":"<p><img loading=\"lazy\" decoding=\"async\" class=\"alignnone  wp-image-115087\" src=\"https:\/\/www.sudoestehoje.com.br\/novoportal\/wp-content\/uploads\/2024\/02\/bolsonaro.jpg\" alt=\"\" width=\"551\" height=\"367\" \/><\/p>\n<p><strong>O ex-presidente Jair Bolsonaro (PL) recebeu em sua casa em Angra dos Reis, na manh\u00e3 desta quinta-feira (8), a visita de agentes da Pol\u00edcia Federal no \u00e2mbito da Opera\u00e7\u00e3o Tempus Veritatis. Em entrevista \u00e0 coluna Grande Angular, de Lilian Tahan e Isadora Teixeira, ele se mostrou perplexo com a a\u00e7\u00e3o e disse que ainda tenta entender por que foi alvo da busca e apreens\u00e3o, assim como o presidente do PL, Valdemar da Costa Neto.<\/strong><\/p>\n<p data-sourcepos=\"7:1-7:133\"><strong>Bolsonaro negou sentir medo de ser preso e criticou a opera\u00e7\u00e3o da PF, afirmando que ela representa um ataque \u00e0 democracia brasileira.<\/strong><\/p>\n<blockquote class=\"\" data-sourcepos=\"9:1-9:143\">\n<p data-sourcepos=\"9:3-9:143\"><strong><em>\u201cHoje em dia n\u00e3o \u00e9 medo. Hoje tudo pode acontecer com qualquer pessoa no Brasil. Em nome de salvar a democracia, est\u00e3o fazendo barbaridades.\u201d<\/em><\/strong><\/p>\n<\/blockquote>\n<p data-sourcepos=\"11:1-11:255\"><strong>A opera\u00e7\u00e3o investiga uma suposta organiza\u00e7\u00e3o criminosa que teria atuado para tentar subverter o resultado das elei\u00e7\u00f5es presidenciais de 2022 e manter Bolsonaro no poder. Entre os alvos da a\u00e7\u00e3o est\u00e3o o pr\u00f3prio ex-presidente, Valdemar da Costa Neto e outros aliados de Bolsonaro.<\/strong><\/p>\n<p data-sourcepos=\"15:1-15:294\"><strong>Bolsonaro questionou como uma tentativa de golpe de Estado poderia ter acontecido \u201csem que um soldado fosse movimentado\u201d. Ele tamb\u00e9m criticou a pris\u00e3o de seu ajudante de ordem, Marcelo C\u00e2mara, alegando que ele n\u00e3o tem foro especial e que a investiga\u00e7\u00e3o deveria ser conduzida pela Justi\u00e7a comum.<\/strong><\/p>\n<blockquote class=\"\" data-sourcepos=\"17:1-17:165\">\n<p data-sourcepos=\"17:3-17:165\"><strong><em>\u201cO foro para investigar tudo isso n\u00e3o \u00e9 do Supremo. O Marcelo C\u00e2mara, que foi preso hoje, n\u00e3o tem foro especial. Nenhum de n\u00f3s tem foro especial\u201d, disse Bolsonaro.<\/em><\/strong><\/p>\n<\/blockquote>\n<p data-sourcepos=\"17:3-17:165\"><strong>A Opera\u00e7\u00e3o Tempus Veritatis est\u00e1 em andamento e ainda n\u00e3o h\u00e1 um resultado final. A expectativa \u00e9 que a investiga\u00e7\u00e3o possa esclarecer se houve ou n\u00e3o uma tentativa de golpe de Estado e quem s\u00e3o os respons\u00e1veis por ela.<\/strong><\/p>\n<p data-sourcepos=\"17:3-17:165\"><strong>A opera\u00e7\u00e3o da PF teve grande repercuss\u00e3o no cen\u00e1rio pol\u00edtico brasileiro. Aliados de Bolsonaro criticaram a a\u00e7\u00e3o, enquanto a oposi\u00e7\u00e3o a considerou necess\u00e1ria para defender a democracia. A investiga\u00e7\u00e3o deve continuar a gerar debate e pol\u00eamica nos pr\u00f3ximos meses.<\/strong><\/p>\n","protected":false},"excerpt":{"rendered":"<p>O ex-presidente Jair Bolsonaro (PL) recebeu em sua casa em Angra dos Reis, na manh\u00e3 desta quinta-feira (8), a visita de agentes da Pol\u00edcia Federal no \u00e2mbito da Opera\u00e7\u00e3o Tempus Veritatis. Em entrevista \u00e0 coluna Grande Angular, de Lilian Tahan e Isadora Teixeira, ele se mostrou perplexo com a a\u00e7\u00e3o e disse que ainda tenta [&hellip;]<\/p>\n","protected":false},"author":2,"featured_media":115087,"comment_status":"closed","ping_status":"open","sticky":false,"template":"","format":"standard","meta":{"footnotes":"","_links_to":"","_links_to_target":""},"categories":[1],"tags":[],"class_list":["post-115085","post","type-post","status-publish","format-standard","has-post-thumbnail","hentry","category-geral"],"views":652,"_links":{"self":[{"href":"https:\/\/www.sudoestehoje.com.br\/novoportal\/wp-json\/wp\/v2\/posts\/115085","targetHints":{"allow":["GET"]}}],"collection":[{"href":"https:\/\/www.sudoestehoje.com.br\/novoportal\/wp-json\/wp\/v2\/posts"}],"about":[{"href":"https:\/\/www.sudoestehoje.com.br\/novoportal\/wp-json\/wp\/v2\/types\/post"}],"author":[{"embeddable":true,"href":"https:\/\/www.sudoestehoje.com.br\/novoportal\/wp-json\/wp\/v2\/users\/2"}],"replies":[{"embeddable":true,"href":"https:\/\/www.sudoestehoje.com.br\/novoportal\/wp-json\/wp\/v2\/comments?post=115085"}],"version-history":[{"count":3,"href":"https:\/\/www.sudoestehoje.com.br\/novoportal\/wp-json\/wp\/v2\/posts\/115085\/revisions"}],"predecessor-version":[{"id":115098,"href":"https:\/\/www.sudoestehoje.com.br\/novoportal\/wp-json\/wp\/v2\/posts\/115085\/revisions\/115098"}],"wp:featuredmedia":[{"embeddable":true,"href":"https:\/\/www.sudoestehoje.com.br\/novoportal\/wp-json\/wp\/v2\/media\/115087"}],"wp:attachment":[{"href":"https:\/\/www.sudoestehoje.com.br\/novoportal\/wp-json\/wp\/v2\/media?parent=115085"}],"wp:term":[{"taxonomy":"category","embeddable":true,"href":"https:\/\/www.sudoestehoje.com.br\/novoportal\/wp-json\/wp\/v2\/categories?post=115085"},{"taxonomy":"post_tag","embeddable":true,"href":"https:\/\/www.sudoestehoje.com.br\/novoportal\/wp-json\/wp\/v2\/tags?post=115085"}],"curies":[{"name":"wp","href":"https:\/\/api.w.org\/{rel}","templated":true}]}}