
{"id":115073,"date":"2024-02-08T09:33:25","date_gmt":"2024-02-08T12:33:25","guid":{"rendered":"https:\/\/www.sudoestehoje.com.br\/novoportal\/?p=115073"},"modified":"2024-02-08T09:35:44","modified_gmt":"2024-02-08T12:35:44","slug":"itapetinga-joao-de-deus-nao-vai-mais-se-candidatar-a-vereador-dizem-aliados","status":"publish","type":"post","link":"https:\/\/www.sudoestehoje.com.br\/novoportal\/2024\/02\/08\/itapetinga-joao-de-deus-nao-vai-mais-se-candidatar-a-vereador-dizem-aliados\/","title":{"rendered":"ITAPETINGA | &#8216;JO\u00c3O DE DEUS N\u00c3O VAI MAIS SE CANDIDATAR A VEREADOR&#8217;, DIZEM ALIADOS"},"content":{"rendered":"<p><img loading=\"lazy\" decoding=\"async\" class=\"alignnone wp-image-115076\" src=\"https:\/\/www.sudoestehoje.com.br\/novoportal\/wp-content\/uploads\/2024\/02\/Deus-Joao-itapetinga-600x341.jpg\" alt=\"\" width=\"551\" height=\"313\" srcset=\"https:\/\/www.sudoestehoje.com.br\/novoportal\/wp-content\/uploads\/2024\/02\/Deus-Joao-itapetinga-600x341.jpg 600w, https:\/\/www.sudoestehoje.com.br\/novoportal\/wp-content\/uploads\/2024\/02\/Deus-Joao-itapetinga.jpg 640w\" sizes=\"auto, (max-width: 551px) 100vw, 551px\" \/><\/p>\n<p><strong>O atual presidente da c\u00e2mara de vereadores de Itapetinga, o peemedebista Jo\u00e3o de Deus, tem revelado aos amigos mais pr\u00f3ximos que n\u00e3o dever\u00e1 disputar uma vaga de vereador pelo seu partido, nas elei\u00e7\u00f5es de outubro.<\/strong><\/p>\n<p><strong>Focado em disputar a sucess\u00e3o para prefeito ou at\u00e9 vice, o vereador mira um horizonte demasiadamente otimista, mesmo tendo que disputar a indica\u00e7\u00e3o do MDB com o franco favorito Eduardo Hagge, cuja aceita\u00e7\u00e3o \u00e9 quase un\u00e2nime no grupo do prefeito Rodrigo Hagge, que conta com uma frente partid\u00e1ria formada pelo MDB, PDT, PL, PSB e PSDB, dentre outros.<\/strong><\/p>\n<p><strong>Nos bastidores, correm informa\u00e7\u00f5es de que a pretens\u00e3o do vereador vai muito al\u00e9m do seu partido, o que dever\u00e1 ser definido at\u00e9 o 6 de abril, quando fecha a janela para mudan\u00e7a de partido.<\/strong><\/p>\n<p><strong>Como as conven\u00e7\u00f5es s\u00f3 acontecer\u00e3o no final de julho, nada \u00e9 garantido nos tr\u00eas meses seguintes, e uma aventura mal calculada pode levar a um desastre pol\u00edtico, sem retorno.<\/strong><\/p>\n<p><strong>Como dizem os antigos, &#8220;\u00e9 melhor lamber que cuspir&#8230;&#8221;.<\/strong><\/p>\n<p><strong>Por Davi Ferraz<\/strong><\/p>\n","protected":false},"excerpt":{"rendered":"<p>O atual presidente da c\u00e2mara de vereadores de Itapetinga, o peemedebista Jo\u00e3o de Deus, tem revelado aos amigos mais pr\u00f3ximos que n\u00e3o dever\u00e1 disputar uma vaga de vereador pelo seu partido, nas elei\u00e7\u00f5es de outubro. Focado em disputar a sucess\u00e3o para prefeito ou at\u00e9 vice, o vereador mira um horizonte demasiadamente otimista, mesmo tendo que [&hellip;]<\/p>\n","protected":false},"author":2,"featured_media":115076,"comment_status":"closed","ping_status":"open","sticky":false,"template":"","format":"standard","meta":{"footnotes":"","_links_to":"","_links_to_target":""},"categories":[1],"tags":[],"class_list":["post-115073","post","type-post","status-publish","format-standard","has-post-thumbnail","hentry","category-geral"],"views":1504,"_links":{"self":[{"href":"https:\/\/www.sudoestehoje.com.br\/novoportal\/wp-json\/wp\/v2\/posts\/115073","targetHints":{"allow":["GET"]}}],"collection":[{"href":"https:\/\/www.sudoestehoje.com.br\/novoportal\/wp-json\/wp\/v2\/posts"}],"about":[{"href":"https:\/\/www.sudoestehoje.com.br\/novoportal\/wp-json\/wp\/v2\/types\/post"}],"author":[{"embeddable":true,"href":"https:\/\/www.sudoestehoje.com.br\/novoportal\/wp-json\/wp\/v2\/users\/2"}],"replies":[{"embeddable":true,"href":"https:\/\/www.sudoestehoje.com.br\/novoportal\/wp-json\/wp\/v2\/comments?post=115073"}],"version-history":[{"count":5,"href":"https:\/\/www.sudoestehoje.com.br\/novoportal\/wp-json\/wp\/v2\/posts\/115073\/revisions"}],"predecessor-version":[{"id":115079,"href":"https:\/\/www.sudoestehoje.com.br\/novoportal\/wp-json\/wp\/v2\/posts\/115073\/revisions\/115079"}],"wp:featuredmedia":[{"embeddable":true,"href":"https:\/\/www.sudoestehoje.com.br\/novoportal\/wp-json\/wp\/v2\/media\/115076"}],"wp:attachment":[{"href":"https:\/\/www.sudoestehoje.com.br\/novoportal\/wp-json\/wp\/v2\/media?parent=115073"}],"wp:term":[{"taxonomy":"category","embeddable":true,"href":"https:\/\/www.sudoestehoje.com.br\/novoportal\/wp-json\/wp\/v2\/categories?post=115073"},{"taxonomy":"post_tag","embeddable":true,"href":"https:\/\/www.sudoestehoje.com.br\/novoportal\/wp-json\/wp\/v2\/tags?post=115073"}],"curies":[{"name":"wp","href":"https:\/\/api.w.org\/{rel}","templated":true}]}}