
{"id":115056,"date":"2024-02-07T09:05:50","date_gmt":"2024-02-07T12:05:50","guid":{"rendered":"https:\/\/www.sudoestehoje.com.br\/novoportal\/?p=115056"},"modified":"2024-02-07T10:58:46","modified_gmt":"2024-02-07T13:58:46","slug":"so-fatava-essa-ambulancia-do-semu-192-e-levada-durante-assalto-em-salvador","status":"publish","type":"post","link":"https:\/\/www.sudoestehoje.com.br\/novoportal\/2024\/02\/07\/so-fatava-essa-ambulancia-do-semu-192-e-levada-durante-assalto-em-salvador\/","title":{"rendered":"S\u00d3 FALTAVA ESSA | AMBUL\u00c2NCIA DO SAMU 192 \u00c9 LEVADA DURANTE ASSALTO EM SALVADOR"},"content":{"rendered":"<p><img loading=\"lazy\" decoding=\"async\" class=\"alignnone  wp-image-115058\" src=\"https:\/\/www.sudoestehoje.com.br\/novoportal\/wp-content\/uploads\/2024\/02\/E90CB740-4D73-4B6C-B74E-D02A3B674473-600x338.jpeg\" alt=\"\" width=\"550\" height=\"310\" srcset=\"https:\/\/www.sudoestehoje.com.br\/novoportal\/wp-content\/uploads\/2024\/02\/E90CB740-4D73-4B6C-B74E-D02A3B674473-600x338.jpeg 600w, https:\/\/www.sudoestehoje.com.br\/novoportal\/wp-content\/uploads\/2024\/02\/E90CB740-4D73-4B6C-B74E-D02A3B674473-700x394.jpeg 700w, https:\/\/www.sudoestehoje.com.br\/novoportal\/wp-content\/uploads\/2024\/02\/E90CB740-4D73-4B6C-B74E-D02A3B674473-768x432.jpeg 768w, https:\/\/www.sudoestehoje.com.br\/novoportal\/wp-content\/uploads\/2024\/02\/E90CB740-4D73-4B6C-B74E-D02A3B674473.jpeg 800w\" sizes=\"auto, (max-width: 550px) 100vw, 550px\" \/><\/p>\n<p><strong>Na madrugada desta ter\u00e7a-feira (7), uma ambul\u00e2ncia do Servi\u00e7o de Atendimento M\u00f3vel de Urg\u00eancia (SAMU), foi levada por suspeito durante\u00a0um assalto, no bairro de Itapu\u00e3, em Salvador.<\/strong><\/p>\n<p><strong>O crime aconteceu quando a ambul\u00e2ncia chegava a Unidade de Pronta Atendimento (UPA) H\u00e9lio Machado.\u00a0<\/strong><strong>De acordo com o IBahia, o suspeito, que portava uma faca, ordenou a sa\u00edda da t\u00e9cnica em enfermagem e do paciente, levando o motorista com ele.<\/strong><\/p>\n<p><strong>O motorista conseguiu deixar o ve\u00edculo e ainda n\u00e3o h\u00e1 detalhes se ele fugiu ou foi liberado.\u00a0<\/strong><strong>A ambul\u00e2ncia foi encontrada abandonada pr\u00f3ximo a um shopping na Avenida Paralela.<\/strong><\/p>\n<p><strong>At\u00e9 o momento ningu\u00e9m foi preso.<\/strong><\/p>\n","protected":false},"excerpt":{"rendered":"<p>Na madrugada desta ter\u00e7a-feira (7), uma ambul\u00e2ncia do Servi\u00e7o de Atendimento M\u00f3vel de Urg\u00eancia (SAMU), foi levada por suspeito durante\u00a0um assalto, no bairro de Itapu\u00e3, em Salvador. O crime aconteceu quando a ambul\u00e2ncia chegava a Unidade de Pronta Atendimento (UPA) H\u00e9lio Machado.\u00a0De acordo com o IBahia, o suspeito, que portava uma faca, ordenou a sa\u00edda [&hellip;]<\/p>\n","protected":false},"author":2,"featured_media":115058,"comment_status":"closed","ping_status":"open","sticky":false,"template":"","format":"standard","meta":{"footnotes":"","_links_to":"","_links_to_target":""},"categories":[1],"tags":[],"class_list":["post-115056","post","type-post","status-publish","format-standard","has-post-thumbnail","hentry","category-geral"],"views":1252,"_links":{"self":[{"href":"https:\/\/www.sudoestehoje.com.br\/novoportal\/wp-json\/wp\/v2\/posts\/115056","targetHints":{"allow":["GET"]}}],"collection":[{"href":"https:\/\/www.sudoestehoje.com.br\/novoportal\/wp-json\/wp\/v2\/posts"}],"about":[{"href":"https:\/\/www.sudoestehoje.com.br\/novoportal\/wp-json\/wp\/v2\/types\/post"}],"author":[{"embeddable":true,"href":"https:\/\/www.sudoestehoje.com.br\/novoportal\/wp-json\/wp\/v2\/users\/2"}],"replies":[{"embeddable":true,"href":"https:\/\/www.sudoestehoje.com.br\/novoportal\/wp-json\/wp\/v2\/comments?post=115056"}],"version-history":[{"count":5,"href":"https:\/\/www.sudoestehoje.com.br\/novoportal\/wp-json\/wp\/v2\/posts\/115056\/revisions"}],"predecessor-version":[{"id":115068,"href":"https:\/\/www.sudoestehoje.com.br\/novoportal\/wp-json\/wp\/v2\/posts\/115056\/revisions\/115068"}],"wp:featuredmedia":[{"embeddable":true,"href":"https:\/\/www.sudoestehoje.com.br\/novoportal\/wp-json\/wp\/v2\/media\/115058"}],"wp:attachment":[{"href":"https:\/\/www.sudoestehoje.com.br\/novoportal\/wp-json\/wp\/v2\/media?parent=115056"}],"wp:term":[{"taxonomy":"category","embeddable":true,"href":"https:\/\/www.sudoestehoje.com.br\/novoportal\/wp-json\/wp\/v2\/categories?post=115056"},{"taxonomy":"post_tag","embeddable":true,"href":"https:\/\/www.sudoestehoje.com.br\/novoportal\/wp-json\/wp\/v2\/tags?post=115056"}],"curies":[{"name":"wp","href":"https:\/\/api.w.org\/{rel}","templated":true}]}}