
{"id":115052,"date":"2024-02-06T23:42:37","date_gmt":"2024-02-07T02:42:37","guid":{"rendered":"https:\/\/www.sudoestehoje.com.br\/novoportal\/?p=115052"},"modified":"2024-02-06T23:42:37","modified_gmt":"2024-02-07T02:42:37","slug":"brasilia-antonio-brito-participa-de-reuniao-com-lula-e-tedros-adhanom-da-omspara-debater-a-saude","status":"publish","type":"post","link":"https:\/\/www.sudoestehoje.com.br\/novoportal\/2024\/02\/06\/brasilia-antonio-brito-participa-de-reuniao-com-lula-e-tedros-adhanom-da-omspara-debater-a-saude\/","title":{"rendered":"BRASILIA | ANTONIO BRITO PARTICIPA DE REUNI\u00c3O COM LULA E TEDROS ADHANOM, DA OMS,PARA DEBATER A SA\u00daDE"},"content":{"rendered":"<p><img loading=\"lazy\" decoding=\"async\" class=\"alignnone  wp-image-115054\" src=\"https:\/\/www.sudoestehoje.com.br\/novoportal\/wp-content\/uploads\/2024\/02\/4bf36ec3-ed0c-403c-b546-ed35a58484ed-600x371.jpg\" alt=\"\" width=\"550\" height=\"340\" srcset=\"https:\/\/www.sudoestehoje.com.br\/novoportal\/wp-content\/uploads\/2024\/02\/4bf36ec3-ed0c-403c-b546-ed35a58484ed-600x371.jpg 600w, https:\/\/www.sudoestehoje.com.br\/novoportal\/wp-content\/uploads\/2024\/02\/4bf36ec3-ed0c-403c-b546-ed35a58484ed-700x433.jpg 700w, https:\/\/www.sudoestehoje.com.br\/novoportal\/wp-content\/uploads\/2024\/02\/4bf36ec3-ed0c-403c-b546-ed35a58484ed-768x476.jpg 768w, https:\/\/www.sudoestehoje.com.br\/novoportal\/wp-content\/uploads\/2024\/02\/4bf36ec3-ed0c-403c-b546-ed35a58484ed.jpg 1024w\" sizes=\"auto, (max-width: 550px) 100vw, 550px\" \/><\/p>\n<p><strong>O presidente da Rep\u00fablica, Luiz In\u00e1cio Lula da Silva, atual l\u00edder do G20, recebeu, no Pal\u00e1cio do Planalto, o diretor-geral da Organiza\u00e7\u00e3o Mundial de Sa\u00fade (OMS), Tedros Adhanom, a ministra da Sa\u00fade, Nisia Trindade Lima, o ministro das Rela\u00e7\u00f5es Institucionais, Alexandre Padilha, e o diretor da Organiza\u00e7\u00e3o Pan-Americana da Sa\u00fade (OPAS), Jarbas Barbosa. <\/strong><\/p>\n<p><strong>Durante o encontro, foram debatidos os esfor\u00e7os internacionais para a erradica\u00e7\u00e3o de doen\u00e7as para as quais j\u00e1 existem vacinas, a exemplo da tuberculose; a produ\u00e7\u00e3o de vacinas brasileiras contra a dengue; a necessidade de produ\u00e7\u00e3o de rem\u00e9dios mais acess\u00edveis, al\u00e9m de medidas necess\u00e1rias para a preven\u00e7\u00e3o e o enfrentamento de futuras pandemias. <\/strong><\/p>\n<p><strong>O presidente da OMS est\u00e1 no Brasil participando dos eventos promovidos pela STOP TB Partnership, institui\u00e7\u00e3o internacionalmente reconhecida, que tem como meta eliminar a tuberculose como problema de sa\u00fade p\u00fablica no mundo.<\/strong><\/p>\n","protected":false},"excerpt":{"rendered":"<p>O presidente da Rep\u00fablica, Luiz In\u00e1cio Lula da Silva, atual l\u00edder do G20, recebeu, no Pal\u00e1cio do Planalto, o diretor-geral da Organiza\u00e7\u00e3o Mundial de Sa\u00fade (OMS), Tedros Adhanom, a ministra da Sa\u00fade, Nisia Trindade Lima, o ministro das Rela\u00e7\u00f5es Institucionais, Alexandre Padilha, e o diretor da Organiza\u00e7\u00e3o Pan-Americana da Sa\u00fade (OPAS), Jarbas Barbosa. Durante o [&hellip;]<\/p>\n","protected":false},"author":2,"featured_media":115054,"comment_status":"closed","ping_status":"open","sticky":false,"template":"","format":"standard","meta":{"footnotes":"","_links_to":"","_links_to_target":""},"categories":[1],"tags":[],"class_list":["post-115052","post","type-post","status-publish","format-standard","has-post-thumbnail","hentry","category-geral"],"views":475,"_links":{"self":[{"href":"https:\/\/www.sudoestehoje.com.br\/novoportal\/wp-json\/wp\/v2\/posts\/115052","targetHints":{"allow":["GET"]}}],"collection":[{"href":"https:\/\/www.sudoestehoje.com.br\/novoportal\/wp-json\/wp\/v2\/posts"}],"about":[{"href":"https:\/\/www.sudoestehoje.com.br\/novoportal\/wp-json\/wp\/v2\/types\/post"}],"author":[{"embeddable":true,"href":"https:\/\/www.sudoestehoje.com.br\/novoportal\/wp-json\/wp\/v2\/users\/2"}],"replies":[{"embeddable":true,"href":"https:\/\/www.sudoestehoje.com.br\/novoportal\/wp-json\/wp\/v2\/comments?post=115052"}],"version-history":[{"count":2,"href":"https:\/\/www.sudoestehoje.com.br\/novoportal\/wp-json\/wp\/v2\/posts\/115052\/revisions"}],"predecessor-version":[{"id":115055,"href":"https:\/\/www.sudoestehoje.com.br\/novoportal\/wp-json\/wp\/v2\/posts\/115052\/revisions\/115055"}],"wp:featuredmedia":[{"embeddable":true,"href":"https:\/\/www.sudoestehoje.com.br\/novoportal\/wp-json\/wp\/v2\/media\/115054"}],"wp:attachment":[{"href":"https:\/\/www.sudoestehoje.com.br\/novoportal\/wp-json\/wp\/v2\/media?parent=115052"}],"wp:term":[{"taxonomy":"category","embeddable":true,"href":"https:\/\/www.sudoestehoje.com.br\/novoportal\/wp-json\/wp\/v2\/categories?post=115052"},{"taxonomy":"post_tag","embeddable":true,"href":"https:\/\/www.sudoestehoje.com.br\/novoportal\/wp-json\/wp\/v2\/tags?post=115052"}],"curies":[{"name":"wp","href":"https:\/\/api.w.org\/{rel}","templated":true}]}}