
{"id":115046,"date":"2024-02-06T09:50:41","date_gmt":"2024-02-06T12:50:41","guid":{"rendered":"https:\/\/www.sudoestehoje.com.br\/novoportal\/?p=115046"},"modified":"2024-02-06T11:38:43","modified_gmt":"2024-02-06T14:38:43","slug":"ilheus-porto-seguro-e-itacare-sao-destinos-preferidos-dos-itapetinguenses-no-carnaval-2","status":"publish","type":"post","link":"https:\/\/www.sudoestehoje.com.br\/novoportal\/2024\/02\/06\/ilheus-porto-seguro-e-itacare-sao-destinos-preferidos-dos-itapetinguenses-no-carnaval-2\/","title":{"rendered":"ILH\u00c9US, PORTO SEGURO E ITACAR\u00c9 S\u00c3O DESTINOS PREFERIDOS DOS ITAPETINGUENSES NO CARNAVAL"},"content":{"rendered":"<p><img loading=\"lazy\" decoding=\"async\" class=\"alignnone wp-image-115048\" src=\"https:\/\/www.sudoestehoje.com.br\/novoportal\/wp-content\/uploads\/2024\/02\/871401873_abd297c4cf_b-600x377.jpg\" alt=\"\" width=\"551\" height=\"346\" srcset=\"https:\/\/www.sudoestehoje.com.br\/novoportal\/wp-content\/uploads\/2024\/02\/871401873_abd297c4cf_b-600x377.jpg 600w, https:\/\/www.sudoestehoje.com.br\/novoportal\/wp-content\/uploads\/2024\/02\/871401873_abd297c4cf_b-700x440.jpg 700w, https:\/\/www.sudoestehoje.com.br\/novoportal\/wp-content\/uploads\/2024\/02\/871401873_abd297c4cf_b-768x483.jpg 768w, https:\/\/www.sudoestehoje.com.br\/novoportal\/wp-content\/uploads\/2024\/02\/871401873_abd297c4cf_b.jpg 1024w\" sizes=\"auto, (max-width: 551px) 100vw, 551px\" \/><\/p>\n<p><strong>As belas praias do sul e extremo sul do estado s\u00e3o, tradicionalmente, as preferidas dos turistas de Itapetinga e regi\u00e3o durante os carnavais. <\/strong><\/p>\n<p><strong>Casas de praias pertencentes a itapetinguenses foram erguidas na orla de Ilh\u00e9us, h\u00e1 d\u00e9cadas, para descanso nos feriad\u00f5es e at\u00e9 para alugar durante o ver\u00e3o.<\/strong><\/p>\n<p><strong>Conquistenses, brumadenses e at\u00e9 goianos t\u00eam presen\u00e7as confirmadas nas belas praias de Itacar\u00e9, Ilh\u00e9us e Porto Seguro. \/\/<em>Reda\u00e7\u00e3o SH<\/em><\/strong><\/p>\n","protected":false},"excerpt":{"rendered":"<p>As belas praias do sul e extremo sul do estado s\u00e3o, tradicionalmente, as preferidas dos turistas de Itapetinga e regi\u00e3o durante os carnavais. Casas de praias pertencentes a itapetinguenses foram erguidas na orla de Ilh\u00e9us, h\u00e1 d\u00e9cadas, para descanso nos feriad\u00f5es e at\u00e9 para alugar durante o ver\u00e3o. Conquistenses, brumadenses e at\u00e9 goianos t\u00eam presen\u00e7as [&hellip;]<\/p>\n","protected":false},"author":2,"featured_media":115048,"comment_status":"closed","ping_status":"open","sticky":false,"template":"","format":"standard","meta":{"footnotes":"","_links_to":"","_links_to_target":""},"categories":[1],"tags":[],"class_list":["post-115046","post","type-post","status-publish","format-standard","has-post-thumbnail","hentry","category-geral"],"views":761,"_links":{"self":[{"href":"https:\/\/www.sudoestehoje.com.br\/novoportal\/wp-json\/wp\/v2\/posts\/115046","targetHints":{"allow":["GET"]}}],"collection":[{"href":"https:\/\/www.sudoestehoje.com.br\/novoportal\/wp-json\/wp\/v2\/posts"}],"about":[{"href":"https:\/\/www.sudoestehoje.com.br\/novoportal\/wp-json\/wp\/v2\/types\/post"}],"author":[{"embeddable":true,"href":"https:\/\/www.sudoestehoje.com.br\/novoportal\/wp-json\/wp\/v2\/users\/2"}],"replies":[{"embeddable":true,"href":"https:\/\/www.sudoestehoje.com.br\/novoportal\/wp-json\/wp\/v2\/comments?post=115046"}],"version-history":[{"count":4,"href":"https:\/\/www.sudoestehoje.com.br\/novoportal\/wp-json\/wp\/v2\/posts\/115046\/revisions"}],"predecessor-version":[{"id":115051,"href":"https:\/\/www.sudoestehoje.com.br\/novoportal\/wp-json\/wp\/v2\/posts\/115046\/revisions\/115051"}],"wp:featuredmedia":[{"embeddable":true,"href":"https:\/\/www.sudoestehoje.com.br\/novoportal\/wp-json\/wp\/v2\/media\/115048"}],"wp:attachment":[{"href":"https:\/\/www.sudoestehoje.com.br\/novoportal\/wp-json\/wp\/v2\/media?parent=115046"}],"wp:term":[{"taxonomy":"category","embeddable":true,"href":"https:\/\/www.sudoestehoje.com.br\/novoportal\/wp-json\/wp\/v2\/categories?post=115046"},{"taxonomy":"post_tag","embeddable":true,"href":"https:\/\/www.sudoestehoje.com.br\/novoportal\/wp-json\/wp\/v2\/tags?post=115046"}],"curies":[{"name":"wp","href":"https:\/\/api.w.org\/{rel}","templated":true}]}}