
{"id":11502,"date":"2011-12-25T18:08:18","date_gmt":"2011-12-25T21:08:18","guid":{"rendered":"http:\/\/www.sudoestehoje.com.br\/novoportal\/?p=11502"},"modified":"2011-12-25T21:59:37","modified_gmt":"2011-12-26T00:59:37","slug":"sao-paulo-lei-que-proibia-garupa-em-moto-e-vetada","status":"publish","type":"post","link":"https:\/\/www.sudoestehoje.com.br\/novoportal\/2011\/12\/25\/sao-paulo-lei-que-proibia-garupa-em-moto-e-vetada\/","title":{"rendered":"S\u00c3O PAULO: LEI QUE PROIBIA GARUPA EM MOTO \u00c9 VETADA"},"content":{"rendered":"<p style=\"text-align: center;\">\n<p style=\"text-align: center;\"><img decoding=\"async\" class=\"aligncenter\" src=\"http:\/\/www.rac.com.br\/multimidia\/imagens\/2011%5C11%5C27%5CgarupaG.jpg\" alt=\"\" width=\"400\" \/><\/p>\n<p>O governador de S\u00e3o Paulo, Geraldo Alckmin (PSDB), vetou a lei estadual\u00a0aprovada pela Assembl\u00e9ia no m\u00eas de novembro, que proibia os motociclistas de levarem passageiros na garupa. Segundo o tucano, a proposta \u00e9 inconstitucional e pune as pessoas que usam as motocicletas como meio de transporte para ir ao trabalho. Alckmin tamb\u00e9m argumentou que a proibi\u00e7\u00e3o n\u00e3o serve para combater a criminalidade. \u201cN\u00e3o se pode punir o trabalhador que usa a motocicleta diariamente para o trabalho, para a fam\u00edlia. N\u00e3o \u00e9 punindo o meio de transporte que se combate o crime\u201d, afirmou em entrevista ao Di\u00e1rio de S\u00e3o Paulo. O projeto de lei do deputado estadual Jooji Hato (PMDB) proibia a carona nas motos nos dias \u00fateis da semana nas cidades paulistas com mais de um milh\u00e3o de habitantes. O parlamentar defendia a restri\u00e7\u00e3o como forma de combater a a\u00e7\u00e3o de criminosos que usam os ve\u00edculos para praticar assaltos no tr\u00e2nsito e fugir da pol\u00edcia. O deputado classificou como \u201clament\u00e1vel\u201d a decis\u00e3o de Alckmin. \u201cLamento pelas v\u00edtimas de acidentes e de tiros dados por garupas usando capacetes que impedem a identifica\u00e7\u00e3o\u201d, disse. BN<\/p>\n","protected":false},"excerpt":{"rendered":"<p>O governador de S\u00e3o Paulo, Geraldo Alckmin (PSDB), vetou a lei estadual\u00a0aprovada pela Assembl\u00e9ia no m\u00eas de novembro, que proibia os motociclistas de levarem passageiros na garupa. Segundo o tucano, a proposta \u00e9 inconstitucional e pune as pessoas que usam as motocicletas como meio de transporte para ir ao trabalho. Alckmin tamb\u00e9m argumentou que a [&hellip;]<\/p>\n","protected":false},"author":2,"featured_media":0,"comment_status":"open","ping_status":"open","sticky":false,"template":"","format":"standard","meta":{"footnotes":"","_links_to":"","_links_to_target":""},"categories":[1],"tags":[],"class_list":["post-11502","post","type-post","status-publish","format-standard","hentry","category-geral"],"views":1114,"_links":{"self":[{"href":"https:\/\/www.sudoestehoje.com.br\/novoportal\/wp-json\/wp\/v2\/posts\/11502","targetHints":{"allow":["GET"]}}],"collection":[{"href":"https:\/\/www.sudoestehoje.com.br\/novoportal\/wp-json\/wp\/v2\/posts"}],"about":[{"href":"https:\/\/www.sudoestehoje.com.br\/novoportal\/wp-json\/wp\/v2\/types\/post"}],"author":[{"embeddable":true,"href":"https:\/\/www.sudoestehoje.com.br\/novoportal\/wp-json\/wp\/v2\/users\/2"}],"replies":[{"embeddable":true,"href":"https:\/\/www.sudoestehoje.com.br\/novoportal\/wp-json\/wp\/v2\/comments?post=11502"}],"version-history":[{"count":5,"href":"https:\/\/www.sudoestehoje.com.br\/novoportal\/wp-json\/wp\/v2\/posts\/11502\/revisions"}],"predecessor-version":[{"id":11505,"href":"https:\/\/www.sudoestehoje.com.br\/novoportal\/wp-json\/wp\/v2\/posts\/11502\/revisions\/11505"}],"wp:attachment":[{"href":"https:\/\/www.sudoestehoje.com.br\/novoportal\/wp-json\/wp\/v2\/media?parent=11502"}],"wp:term":[{"taxonomy":"category","embeddable":true,"href":"https:\/\/www.sudoestehoje.com.br\/novoportal\/wp-json\/wp\/v2\/categories?post=11502"},{"taxonomy":"post_tag","embeddable":true,"href":"https:\/\/www.sudoestehoje.com.br\/novoportal\/wp-json\/wp\/v2\/tags?post=11502"}],"curies":[{"name":"wp","href":"https:\/\/api.w.org\/{rel}","templated":true}]}}