
{"id":115007,"date":"2024-02-03T20:22:55","date_gmt":"2024-02-03T23:22:55","guid":{"rendered":"https:\/\/www.sudoestehoje.com.br\/novoportal\/?p=115007"},"modified":"2024-02-03T20:22:55","modified_gmt":"2024-02-03T23:22:55","slug":"salvador-hospital-portugues-e-evacuado-apos-principio-de-incendio","status":"publish","type":"post","link":"https:\/\/www.sudoestehoje.com.br\/novoportal\/2024\/02\/03\/salvador-hospital-portugues-e-evacuado-apos-principio-de-incendio\/","title":{"rendered":"SALVADOR | HOSPITAL PORTUGU\u00caS \u00c9 EVACUADO AP\u00d3S PRINC\u00cdPIO DE INC\u00caNDIO"},"content":{"rendered":"<div class=\"container--component-block\">\n<p><img loading=\"lazy\" decoding=\"async\" class=\"alignnone  wp-image-115009\" src=\"https:\/\/www.sudoestehoje.com.br\/novoportal\/wp-content\/uploads\/2024\/02\/auto-upload-2002392-600x361.webp\" alt=\"\" width=\"550\" height=\"331\" srcset=\"https:\/\/www.sudoestehoje.com.br\/novoportal\/wp-content\/uploads\/2024\/02\/auto-upload-2002392-600x361.webp 600w, https:\/\/www.sudoestehoje.com.br\/novoportal\/wp-content\/uploads\/2024\/02\/auto-upload-2002392-700x421.webp 700w, https:\/\/www.sudoestehoje.com.br\/novoportal\/wp-content\/uploads\/2024\/02\/auto-upload-2002392-768x462.webp 768w, https:\/\/www.sudoestehoje.com.br\/novoportal\/wp-content\/uploads\/2024\/02\/auto-upload-2002392.webp 1329w\" sizes=\"auto, (max-width: 550px) 100vw, 550px\" \/><\/p>\n<p id=\"paragrafo-rco5abd17j\" class=\"component--paragrafo\"><strong>Um princ\u00edpio de inc\u00eandio atingiu uma das alas do Hospital Portugu\u00eas na tarde deste s\u00e1bado (3), no bairro da Gra\u00e7a, em Salvador. Por conta da fuma\u00e7a, o local precisou ser evacuado e alguns pacientes ficaram do lado de fora da emerg\u00eancia em macas. Ningu\u00e9m ficou ferido.<\/strong><\/p>\n<\/div>\n<div class=\"article_mrec_destaque sticky\">\n<div id=\"internas_336x280_01\" data-google-query-id=\"CKqT29CmkIQDFZIhuQYdZu8IHQ\">\n<div id=\"google_ads_iframe_\/44585206\/d_c24h_internas_336x280_0__container__\"><strong>Segundo o Hospital Portugu\u00eas, o fogo foi controlado pelos brigadistas e, por protocolo de seguran\u00e7a, a equipe da Brigada de Inc\u00eandio do HP acionou o Corpo de Bombeiros.\u00a0 Equipes da Pol\u00edcia Militar e ambul\u00e2ncias do Servi\u00e7o de Atendimento M\u00f3vel de Urg\u00eancia (Samu) tamb\u00e9m estiveram no local para auxiliar na ocorr\u00eancia.<\/strong><\/div>\n<\/div>\n<\/div>\n<div class=\"container--component-block\">\n<p id=\"paragrafo-bmxwpvtw7m\" class=\"component--paragrafo\"><strong>Em nota, o Hospital informou ainda que\u00a0a equipe assistencial realizou a transfer\u00eancia dos pacientes em atendimento no andar da ocorr\u00eancia para outra Ala. N\u00e3o h\u00e1 informa\u00e7\u00f5es sobre o que causou o inc\u00eandio.<\/strong><\/p>\n<\/div>\n","protected":false},"excerpt":{"rendered":"<p>Um princ\u00edpio de inc\u00eandio atingiu uma das alas do Hospital Portugu\u00eas na tarde deste s\u00e1bado (3), no bairro da Gra\u00e7a, em Salvador. Por conta da fuma\u00e7a, o local precisou ser evacuado e alguns pacientes ficaram do lado de fora da emerg\u00eancia em macas. Ningu\u00e9m ficou ferido. Segundo o Hospital Portugu\u00eas, o fogo foi controlado pelos [&hellip;]<\/p>\n","protected":false},"author":2,"featured_media":115009,"comment_status":"closed","ping_status":"open","sticky":false,"template":"","format":"standard","meta":{"footnotes":"","_links_to":"","_links_to_target":""},"categories":[1],"tags":[],"class_list":["post-115007","post","type-post","status-publish","format-standard","has-post-thumbnail","hentry","category-geral"],"views":797,"_links":{"self":[{"href":"https:\/\/www.sudoestehoje.com.br\/novoportal\/wp-json\/wp\/v2\/posts\/115007","targetHints":{"allow":["GET"]}}],"collection":[{"href":"https:\/\/www.sudoestehoje.com.br\/novoportal\/wp-json\/wp\/v2\/posts"}],"about":[{"href":"https:\/\/www.sudoestehoje.com.br\/novoportal\/wp-json\/wp\/v2\/types\/post"}],"author":[{"embeddable":true,"href":"https:\/\/www.sudoestehoje.com.br\/novoportal\/wp-json\/wp\/v2\/users\/2"}],"replies":[{"embeddable":true,"href":"https:\/\/www.sudoestehoje.com.br\/novoportal\/wp-json\/wp\/v2\/comments?post=115007"}],"version-history":[{"count":2,"href":"https:\/\/www.sudoestehoje.com.br\/novoportal\/wp-json\/wp\/v2\/posts\/115007\/revisions"}],"predecessor-version":[{"id":115010,"href":"https:\/\/www.sudoestehoje.com.br\/novoportal\/wp-json\/wp\/v2\/posts\/115007\/revisions\/115010"}],"wp:featuredmedia":[{"embeddable":true,"href":"https:\/\/www.sudoestehoje.com.br\/novoportal\/wp-json\/wp\/v2\/media\/115009"}],"wp:attachment":[{"href":"https:\/\/www.sudoestehoje.com.br\/novoportal\/wp-json\/wp\/v2\/media?parent=115007"}],"wp:term":[{"taxonomy":"category","embeddable":true,"href":"https:\/\/www.sudoestehoje.com.br\/novoportal\/wp-json\/wp\/v2\/categories?post=115007"},{"taxonomy":"post_tag","embeddable":true,"href":"https:\/\/www.sudoestehoje.com.br\/novoportal\/wp-json\/wp\/v2\/tags?post=115007"}],"curies":[{"name":"wp","href":"https:\/\/api.w.org\/{rel}","templated":true}]}}