
{"id":114988,"date":"2024-02-01T20:41:35","date_gmt":"2024-02-01T23:41:35","guid":{"rendered":"https:\/\/www.sudoestehoje.com.br\/novoportal\/?p=114988"},"modified":"2024-02-01T20:41:35","modified_gmt":"2024-02-01T23:41:35","slug":"empregos-uesb-abre-concurso-para-tecnicos-e-analistas-universitarios","status":"publish","type":"post","link":"https:\/\/www.sudoestehoje.com.br\/novoportal\/2024\/02\/01\/empregos-uesb-abre-concurso-para-tecnicos-e-analistas-universitarios\/","title":{"rendered":"EMPREGOS | UESB ABRE CONCURSO PARA T\u00c9CNICOS E ANALISTAS UNIVERSIT\u00c1RIOS"},"content":{"rendered":"<p><img loading=\"lazy\" decoding=\"async\" class=\"alignnone  wp-image-114990\" src=\"https:\/\/www.sudoestehoje.com.br\/novoportal\/wp-content\/uploads\/2024\/02\/IMG_4377-640x359-1-600x337.jpeg\" alt=\"\" width=\"550\" height=\"309\" srcset=\"https:\/\/www.sudoestehoje.com.br\/novoportal\/wp-content\/uploads\/2024\/02\/IMG_4377-640x359-1-600x337.jpeg 600w, https:\/\/www.sudoestehoje.com.br\/novoportal\/wp-content\/uploads\/2024\/02\/IMG_4377-640x359-1.jpeg 640w\" sizes=\"auto, (max-width: 550px) 100vw, 550px\" \/><\/p>\n<p class=\"p1\"><strong><span class=\"s1\">A Uesb divulga sele\u00e7\u00e3o de concurso p\u00fablico para os cargos de t\u00e9cnico e analista universit\u00e1rio, por meio do\u00a0<a href=\"http:\/\/www.uesb.br\/?editais=edital-029-concurso-publico-para-servidores-tecnicos-e-analistas\"><span class=\"s2\">Edital 029\/2024<\/span><\/a>. As inscri\u00e7\u00f5es poder\u00e3o ser feitas no per\u00edodo de 16 de fevereiro a 20 de mar\u00e7o, exclusivamente, pelo\u00a0<a href=\"https:\/\/www.avalia.org.br.\/\"><span class=\"s2\">site do Instituto Avalia<\/span><\/a>, \u00f3rg\u00e3o que realizar\u00e1 as provas.<\/span><\/strong><\/p>\n<p class=\"p1\"><strong><span class=\"s1\">Est\u00e3o sendo disponibilizadas 96 vagas imediatas, sendo: 36 para os cargos de t\u00e9cnico universit\u00e1rio, com carga hor\u00e1ria de 40 horas semanais; 18 vagas para os cargos de analista universit\u00e1rio, com carga hor\u00e1ria de 30 horas semanais; e 42 vagas para os cargos de analista universit\u00e1rio, com carga hor\u00e1ria de 40 horas semanais. Al\u00e9m disso, dessas vagas, 29 ser\u00e3o reservadas para candidatos que se declararem negros (pretos e pardos) e cinco para candidatos com defici\u00eancia.<\/span><\/strong><\/p>\n<p class=\"p1\"><strong><span class=\"s1\">As provas ser\u00e3o realizadas nas cidades de <span style=\"color: #ff0000;\">Itapetinga<\/span>, Jequi\u00e9 e Vit\u00f3ria da Conquista, e s\u00e3o de car\u00e1ter objetivo, eliminat\u00f3rio e classificat\u00f3rio tanto para o cargo de n\u00edvel t\u00e9cnico como para analista universit\u00e1rio. O concurso ainda contar\u00e1 com uma 2\u00aa etapa para o cargo de analista, realizada por meio de prova de t\u00edtulo. Todo o conte\u00fado program\u00e1tico encontra-se no\u00a0<a href=\"http:\/\/www.uesb.br\/?editais=edital-029-concurso-publico-para-servidores-tecnicos-e-analistas\"><span class=\"s2\">Anexo 1 do referido Edital.<\/span><\/a><\/span><\/strong><\/p>\n<p class=\"p1\"><strong><span class=\"s1\">No ato da inscri\u00e7\u00e3o, toda a documenta\u00e7\u00e3o exigida dever\u00e1 ser anexada, bem como o Formul\u00e1rio de Solicita\u00e7\u00e3o de Inscri\u00e7\u00e3o, que ser\u00e1 disponibilizado. Para os candidatos \u00e0s vagas reservadas \u00e0 popula\u00e7\u00e3o negra (pretos e pardos), dever\u00e1 ser encaminhada, a Autodeclara\u00e7\u00e3o que consta no\u00a0<a href=\"http:\/\/www.uesb.br\/?editais=edital-029-concurso-publico-para-servidores-tecnicos-e-analistas\"><span class=\"s2\">Anexo 2 do Edital<\/span><\/a>.<\/span><\/strong><\/p>\n<p class=\"p1\"><strong><span class=\"s1\">Para mais informa\u00e7\u00f5es, acesse o\u00a0<a href=\"http:\/\/www.uesb.br\/?editais=edital-029-concurso-publico-para-servidores-tecnicos-e-analistas\">Edital<\/a>\u00a0ou entre em contato pelo e-mail\u00a0<a href=\"mailto:concursos@uesb.edu.br\">concursos@uesb.edu.br<\/a>.<\/span><\/strong><\/p>\n","protected":false},"excerpt":{"rendered":"<p>A Uesb divulga sele\u00e7\u00e3o de concurso p\u00fablico para os cargos de t\u00e9cnico e analista universit\u00e1rio, por meio do\u00a0Edital 029\/2024. As inscri\u00e7\u00f5es poder\u00e3o ser feitas no per\u00edodo de 16 de fevereiro a 20 de mar\u00e7o, exclusivamente, pelo\u00a0site do Instituto Avalia, \u00f3rg\u00e3o que realizar\u00e1 as provas. Est\u00e3o sendo disponibilizadas 96 vagas imediatas, sendo: 36 para os cargos [&hellip;]<\/p>\n","protected":false},"author":2,"featured_media":114990,"comment_status":"closed","ping_status":"open","sticky":false,"template":"","format":"standard","meta":{"footnotes":"","_links_to":"","_links_to_target":""},"categories":[1],"tags":[],"class_list":["post-114988","post","type-post","status-publish","format-standard","has-post-thumbnail","hentry","category-geral"],"views":805,"_links":{"self":[{"href":"https:\/\/www.sudoestehoje.com.br\/novoportal\/wp-json\/wp\/v2\/posts\/114988","targetHints":{"allow":["GET"]}}],"collection":[{"href":"https:\/\/www.sudoestehoje.com.br\/novoportal\/wp-json\/wp\/v2\/posts"}],"about":[{"href":"https:\/\/www.sudoestehoje.com.br\/novoportal\/wp-json\/wp\/v2\/types\/post"}],"author":[{"embeddable":true,"href":"https:\/\/www.sudoestehoje.com.br\/novoportal\/wp-json\/wp\/v2\/users\/2"}],"replies":[{"embeddable":true,"href":"https:\/\/www.sudoestehoje.com.br\/novoportal\/wp-json\/wp\/v2\/comments?post=114988"}],"version-history":[{"count":2,"href":"https:\/\/www.sudoestehoje.com.br\/novoportal\/wp-json\/wp\/v2\/posts\/114988\/revisions"}],"predecessor-version":[{"id":114991,"href":"https:\/\/www.sudoestehoje.com.br\/novoportal\/wp-json\/wp\/v2\/posts\/114988\/revisions\/114991"}],"wp:featuredmedia":[{"embeddable":true,"href":"https:\/\/www.sudoestehoje.com.br\/novoportal\/wp-json\/wp\/v2\/media\/114990"}],"wp:attachment":[{"href":"https:\/\/www.sudoestehoje.com.br\/novoportal\/wp-json\/wp\/v2\/media?parent=114988"}],"wp:term":[{"taxonomy":"category","embeddable":true,"href":"https:\/\/www.sudoestehoje.com.br\/novoportal\/wp-json\/wp\/v2\/categories?post=114988"},{"taxonomy":"post_tag","embeddable":true,"href":"https:\/\/www.sudoestehoje.com.br\/novoportal\/wp-json\/wp\/v2\/tags?post=114988"}],"curies":[{"name":"wp","href":"https:\/\/api.w.org\/{rel}","templated":true}]}}