
{"id":114982,"date":"2024-02-01T20:33:09","date_gmt":"2024-02-01T23:33:09","guid":{"rendered":"https:\/\/www.sudoestehoje.com.br\/novoportal\/?p=114982"},"modified":"2024-02-01T20:33:09","modified_gmt":"2024-02-01T23:33:09","slug":"aviacao-voepass-vai-encerrar-atividades-em-conquista-e-outras-cidades-da-bahia","status":"publish","type":"post","link":"https:\/\/www.sudoestehoje.com.br\/novoportal\/2024\/02\/01\/aviacao-voepass-vai-encerrar-atividades-em-conquista-e-outras-cidades-da-bahia\/","title":{"rendered":"AVIA\u00c7\u00c3O | VOEPASS VAI ENCERRAR ATIVIDADES EM CONQUISTA E OUTRAS CIDADES DA BAHIA"},"content":{"rendered":"<p><img loading=\"lazy\" decoding=\"async\" class=\"alignnone  wp-image-114986\" src=\"https:\/\/www.sudoestehoje.com.br\/novoportal\/wp-content\/uploads\/2024\/02\/voepass-atr-72-divulgacao_widexl-600x375.jpg\" alt=\"\" width=\"549\" height=\"343\" srcset=\"https:\/\/www.sudoestehoje.com.br\/novoportal\/wp-content\/uploads\/2024\/02\/voepass-atr-72-divulgacao_widexl-600x375.jpg 600w, https:\/\/www.sudoestehoje.com.br\/novoportal\/wp-content\/uploads\/2024\/02\/voepass-atr-72-divulgacao_widexl-700x438.jpg 700w, https:\/\/www.sudoestehoje.com.br\/novoportal\/wp-content\/uploads\/2024\/02\/voepass-atr-72-divulgacao_widexl-768x480.jpg 768w, https:\/\/www.sudoestehoje.com.br\/novoportal\/wp-content\/uploads\/2024\/02\/voepass-atr-72-divulgacao_widexl.jpg 1200w\" sizes=\"auto, (max-width: 549px) 100vw, 549px\" \/><\/p>\n<p><strong>A Voepass vai encerrar o atendimento as rotas de Vit\u00f3ria da Conquista. A previs\u00e3o \u00e9 que a empresa, que opera em parceria com a LATAM, encerre as atividades no m\u00eas de abril.<\/strong><\/p>\n<p><strong>De acordo com o jornal Di\u00e1rio do Nordeste, a Voepass informou que, \u201cpor motivos estrat\u00e9gicos de reestrutura\u00e7\u00e3o de sua malha a\u00e9rea, suspender\u00e1, a partir de abril de 2024, algumas de suas opera\u00e7\u00f5es atuais, incluindo alguns destinos realizados no Estado da Bahia\u201d.<\/strong><\/p>\n<p><strong>Al\u00e9m de Vit\u00f3ria da Conquista, Len\u00e7\u00f3is, Teixeira de Freitas, Barreiras, Guanambi e Paulo Afonso tamb\u00e9m ter\u00e3o as rotas encerradas. Atualmente a empresa opera estas rotas em parceria com a LATAM, tanto saindo de Bras\u00edlia como de Salvador.<\/strong><\/p>\n","protected":false},"excerpt":{"rendered":"<p>A Voepass vai encerrar o atendimento as rotas de Vit\u00f3ria da Conquista. A previs\u00e3o \u00e9 que a empresa, que opera em parceria com a LATAM, encerre as atividades no m\u00eas de abril. De acordo com o jornal Di\u00e1rio do Nordeste, a Voepass informou que, \u201cpor motivos estrat\u00e9gicos de reestrutura\u00e7\u00e3o de sua malha a\u00e9rea, suspender\u00e1, a [&hellip;]<\/p>\n","protected":false},"author":2,"featured_media":114986,"comment_status":"closed","ping_status":"open","sticky":false,"template":"","format":"standard","meta":{"footnotes":"","_links_to":"","_links_to_target":""},"categories":[1],"tags":[],"class_list":["post-114982","post","type-post","status-publish","format-standard","has-post-thumbnail","hentry","category-geral"],"views":816,"_links":{"self":[{"href":"https:\/\/www.sudoestehoje.com.br\/novoportal\/wp-json\/wp\/v2\/posts\/114982","targetHints":{"allow":["GET"]}}],"collection":[{"href":"https:\/\/www.sudoestehoje.com.br\/novoportal\/wp-json\/wp\/v2\/posts"}],"about":[{"href":"https:\/\/www.sudoestehoje.com.br\/novoportal\/wp-json\/wp\/v2\/types\/post"}],"author":[{"embeddable":true,"href":"https:\/\/www.sudoestehoje.com.br\/novoportal\/wp-json\/wp\/v2\/users\/2"}],"replies":[{"embeddable":true,"href":"https:\/\/www.sudoestehoje.com.br\/novoportal\/wp-json\/wp\/v2\/comments?post=114982"}],"version-history":[{"count":3,"href":"https:\/\/www.sudoestehoje.com.br\/novoportal\/wp-json\/wp\/v2\/posts\/114982\/revisions"}],"predecessor-version":[{"id":114987,"href":"https:\/\/www.sudoestehoje.com.br\/novoportal\/wp-json\/wp\/v2\/posts\/114982\/revisions\/114987"}],"wp:featuredmedia":[{"embeddable":true,"href":"https:\/\/www.sudoestehoje.com.br\/novoportal\/wp-json\/wp\/v2\/media\/114986"}],"wp:attachment":[{"href":"https:\/\/www.sudoestehoje.com.br\/novoportal\/wp-json\/wp\/v2\/media?parent=114982"}],"wp:term":[{"taxonomy":"category","embeddable":true,"href":"https:\/\/www.sudoestehoje.com.br\/novoportal\/wp-json\/wp\/v2\/categories?post=114982"},{"taxonomy":"post_tag","embeddable":true,"href":"https:\/\/www.sudoestehoje.com.br\/novoportal\/wp-json\/wp\/v2\/tags?post=114982"}],"curies":[{"name":"wp","href":"https:\/\/api.w.org\/{rel}","templated":true}]}}