
{"id":114968,"date":"2024-01-31T08:44:24","date_gmt":"2024-01-31T11:44:24","guid":{"rendered":"https:\/\/www.sudoestehoje.com.br\/novoportal\/?p=114968"},"modified":"2024-01-31T08:44:24","modified_gmt":"2024-01-31T11:44:24","slug":"itapetinga-dr-silvio-macedo-declara-apoio-a-eduardo-hagge-para-prefeito","status":"publish","type":"post","link":"https:\/\/www.sudoestehoje.com.br\/novoportal\/2024\/01\/31\/itapetinga-dr-silvio-macedo-declara-apoio-a-eduardo-hagge-para-prefeito\/","title":{"rendered":"ITAPETINGA | DR. SILVIO MACEDO DECLARA APOIO A EDUARDO HAGGE PARA PREFEITO"},"content":{"rendered":"<p><img loading=\"lazy\" decoding=\"async\" class=\"alignnone size-full wp-image-114969\" src=\"https:\/\/www.sudoestehoje.com.br\/novoportal\/wp-content\/uploads\/2024\/01\/00-a_drsilvio-e1597373509357.jpeg\" alt=\"\" width=\"444\" height=\"377\" \/><\/p>\n<p><strong>Atrav\u00e9s de conversa informal com o editor do<span style=\"color: #0000ff;\"><em> Sudoeste Hoje<\/em><\/span>, o cardiologista Silvio Macedo declarou o seu apoio irrestrito \u00e0 pr\u00e9-candidatura do m\u00e9dico veterin\u00e1rio Eduardo Hagge (MDB), se somando a um grande n\u00famero de profissionais liberais que tamb\u00e9m j\u00e1 declararam apoio ao emedebista.<\/strong><\/p>\n<p><strong>Dr. Silvio Macedo \u00e9 m\u00e9dico renomado na regi\u00e3o e presidente do diret\u00f3rio municipal do PP em Itapetinga (mesmo partido da pr\u00e9-candidata Cida Moura), tendo sido cogitado, em 2020, para concorrer \u00e0 prefeitura.<\/strong><\/p>\n<p><strong><em>&#8220;Eduardo \u00e9 um excelente nome para governar Itapetinga e contar\u00e1 com o nosso apoio, caso venha a ser escolhido\u00a0 como candidato a prefeito. J\u00e1 expressei a ele o meu apoio e tamb\u00e9m manifestei esta posi\u00e7\u00e3o ao pr\u00f3prio prefeito Rodrigo Hagge&#8221;<\/em>, disse o cardiologista.<\/strong><\/p>\n<p><strong>Por Davi Ferraz<\/strong><\/p>\n","protected":false},"excerpt":{"rendered":"<p>Atrav\u00e9s de conversa informal com o editor do Sudoeste Hoje, o cardiologista Silvio Macedo declarou o seu apoio irrestrito \u00e0 pr\u00e9-candidatura do m\u00e9dico veterin\u00e1rio Eduardo Hagge (MDB), se somando a um grande n\u00famero de profissionais liberais que tamb\u00e9m j\u00e1 declararam apoio ao emedebista. Dr. Silvio Macedo \u00e9 m\u00e9dico renomado na regi\u00e3o e presidente do diret\u00f3rio [&hellip;]<\/p>\n","protected":false},"author":2,"featured_media":114969,"comment_status":"closed","ping_status":"open","sticky":false,"template":"","format":"standard","meta":{"footnotes":"","_links_to":"","_links_to_target":""},"categories":[1],"tags":[],"class_list":["post-114968","post","type-post","status-publish","format-standard","has-post-thumbnail","hentry","category-geral"],"views":1440,"_links":{"self":[{"href":"https:\/\/www.sudoestehoje.com.br\/novoportal\/wp-json\/wp\/v2\/posts\/114968","targetHints":{"allow":["GET"]}}],"collection":[{"href":"https:\/\/www.sudoestehoje.com.br\/novoportal\/wp-json\/wp\/v2\/posts"}],"about":[{"href":"https:\/\/www.sudoestehoje.com.br\/novoportal\/wp-json\/wp\/v2\/types\/post"}],"author":[{"embeddable":true,"href":"https:\/\/www.sudoestehoje.com.br\/novoportal\/wp-json\/wp\/v2\/users\/2"}],"replies":[{"embeddable":true,"href":"https:\/\/www.sudoestehoje.com.br\/novoportal\/wp-json\/wp\/v2\/comments?post=114968"}],"version-history":[{"count":3,"href":"https:\/\/www.sudoestehoje.com.br\/novoportal\/wp-json\/wp\/v2\/posts\/114968\/revisions"}],"predecessor-version":[{"id":114972,"href":"https:\/\/www.sudoestehoje.com.br\/novoportal\/wp-json\/wp\/v2\/posts\/114968\/revisions\/114972"}],"wp:featuredmedia":[{"embeddable":true,"href":"https:\/\/www.sudoestehoje.com.br\/novoportal\/wp-json\/wp\/v2\/media\/114969"}],"wp:attachment":[{"href":"https:\/\/www.sudoestehoje.com.br\/novoportal\/wp-json\/wp\/v2\/media?parent=114968"}],"wp:term":[{"taxonomy":"category","embeddable":true,"href":"https:\/\/www.sudoestehoje.com.br\/novoportal\/wp-json\/wp\/v2\/categories?post=114968"},{"taxonomy":"post_tag","embeddable":true,"href":"https:\/\/www.sudoestehoje.com.br\/novoportal\/wp-json\/wp\/v2\/tags?post=114968"}],"curies":[{"name":"wp","href":"https:\/\/api.w.org\/{rel}","templated":true}]}}